{"id":136818,"date":"2019-11-20T10:29:34","date_gmt":"2019-11-20T13:29:34","guid":{"rendered":"http:\/\/www.caririemacao.com\/1\/?p=136818"},"modified":"2019-11-20T10:29:34","modified_gmt":"2019-11-20T13:29:34","slug":"jovem-e-presa-ao-colocar-pes-de-maconha-na-janela-do-apartamento","status":"publish","type":"post","link":"https:\/\/www.caririemacao.com\/1\/2019\/11\/20\/jovem-e-presa-ao-colocar-pes-de-maconha-na-janela-do-apartamento\/","title":{"rendered":"Jovem \u00e9 presa ao colocar p\u00e9s de maconha na janela do apartamento"},"content":{"rendered":"\n<p>Uma auxiliar administrativa, de 22 anos, foi presa na noite desta segunda-feira (18) depois que a pol\u00edcia encontrou sete p\u00e9s de maconha no apartamento dela, no bairro Vila Elmaz, em S\u00e3o Jos\u00e9 do Rio Preto (SP).<\/p>\n\n\n\n<p>Segundo o boletim de ocorr\u00eancia, a pol\u00edcia recebeu a den\u00fancia de um morador do condom\u00ednio dizendo que a mulher teria deixado os vasos com os p\u00e9s de maconha na janela do apartamento para tomar sol.<\/p>\n\n\n\n<p>Ao chegar ao local, a pol\u00edcia encontrou os sete vasos da planta, al\u00e9m de mudas que estavam no guarda-roupas e quase R$ 7,7 mil em dinheiro.<\/p>\n\n\n\n<p>Na delegacia, a mulher alegou que as plantas eram para fins medicinais. A jovem vai continuar presa \u00e0 disposi\u00e7\u00e3o da Justi\u00e7a.<\/p>\n\n\n\n<figure class=\"wp-block-image\"><img decoding=\"async\" data-src=\"https:\/\/www.clickpb.com.br\/media\/filer_public\/25\/91\/25919072-761f-4aef-919d-4a1d82995010\/plantas_de_maconha_apreendidas.jpg\" alt=\"\" src=\"data:image\/svg+xml;base64,PHN2ZyB3aWR0aD0iMSIgaGVpZ2h0PSIxIiB4bWxucz0iaHR0cDovL3d3dy53My5vcmcvMjAwMC9zdmciPjwvc3ZnPg==\" class=\"lazyload\" \/><\/figure>\n","protected":false},"excerpt":{"rendered":"<p>Uma auxiliar administrativa, de 22 anos, foi presa na noite desta segunda-feira (18) depois que a pol\u00edcia encontrou sete p\u00e9s de maconha no apartamento dela,&hellip; <\/p>\n","protected":false},"author":1,"featured_media":136819,"comment_status":"closed","ping_status":"closed","sticky":false,"template":"","format":"standard","meta":{"sfsi_plus_gutenberg_text_before_share":"","sfsi_plus_gutenberg_show_text_before_share":"","sfsi_plus_gutenberg_icon_type":"","sfsi_plus_gutenberg_icon_alignemt":"","sfsi_plus_gutenburg_max_per_row":"","footnotes":""},"categories":[12],"tags":[],"class_list":["post-136818","post","type-post","status-publish","format-standard","has-post-thumbnail","hentry","category-policia"],"_links":{"self":[{"href":"https:\/\/www.caririemacao.com\/1\/wp-json\/wp\/v2\/posts\/136818","targetHints":{"allow":["GET"]}}],"collection":[{"href":"https:\/\/www.caririemacao.com\/1\/wp-json\/wp\/v2\/posts"}],"about":[{"href":"https:\/\/www.caririemacao.com\/1\/wp-json\/wp\/v2\/types\/post"}],"author":[{"embeddable":true,"href":"https:\/\/www.caririemacao.com\/1\/wp-json\/wp\/v2\/users\/1"}],"replies":[{"embeddable":true,"href":"https:\/\/www.caririemacao.com\/1\/wp-json\/wp\/v2\/comments?post=136818"}],"version-history":[{"count":1,"href":"https:\/\/www.caririemacao.com\/1\/wp-json\/wp\/v2\/posts\/136818\/revisions"}],"predecessor-version":[{"id":136820,"href":"https:\/\/www.caririemacao.com\/1\/wp-json\/wp\/v2\/posts\/136818\/revisions\/136820"}],"wp:featuredmedia":[{"embeddable":true,"href":"https:\/\/www.caririemacao.com\/1\/wp-json\/wp\/v2\/media\/136819"}],"wp:attachment":[{"href":"https:\/\/www.caririemacao.com\/1\/wp-json\/wp\/v2\/media?parent=136818"}],"wp:term":[{"taxonomy":"category","embeddable":true,"href":"https:\/\/www.caririemacao.com\/1\/wp-json\/wp\/v2\/categories?post=136818"},{"taxonomy":"post_tag","embeddable":true,"href":"https:\/\/www.caririemacao.com\/1\/wp-json\/wp\/v2\/tags?post=136818"}],"curies":[{"name":"wp","href":"https:\/\/api.w.org\/{rel}","templated":true}]}}