{"id":136828,"date":"2019-11-20T11:16:46","date_gmt":"2019-11-20T14:16:46","guid":{"rendered":"http:\/\/www.caririemacao.com\/1\/?p=136828"},"modified":"2019-11-20T11:16:46","modified_gmt":"2019-11-20T14:16:46","slug":"stf-comeca-a-julgar-caso-coaf-que-parou-investigacao-sobre-flavio-bolsonaro","status":"publish","type":"post","link":"https:\/\/www.caririemacao.com\/1\/2019\/11\/20\/stf-comeca-a-julgar-caso-coaf-que-parou-investigacao-sobre-flavio-bolsonaro\/","title":{"rendered":"STF come\u00e7a a julgar caso Coaf, que parou investiga\u00e7\u00e3o sobre Fl\u00e1vio Bolsonaro"},"content":{"rendered":"\n<p>&nbsp;O plen\u00e1rio do STF come\u00e7ou a julgar nesta quarta-feira (20) a\u00e7\u00e3o sobre o uso de dados sigilosos em investiga\u00e7\u00f5es sem autoriza\u00e7\u00e3o judicial.<\/p>\n\n\n\n<p>Em julho, o presidente da corte, Dias Toffoli, suspendeu todas as apura\u00e7\u00f5es em curso no pa\u00eds que usavam informa\u00e7\u00f5es do antigo Coaf (hoje UIF, Unidade de Intelig\u00eancia Financeira) e demais \u00f3rg\u00e3os de controle financeiro e fiscal.<\/p>\n\n\n\n<p>A ordem de Toffoli foi dada a pedido da defesa do senador Fl\u00e1vio Bolsonaro (RJ), alvo de um inqu\u00e9rito aberto pelo Minist\u00e9rio P\u00fablico para apurar a suspeita de desvio de sal\u00e1rios pagos a servidores de seu gabinete quando era deputado estadual no Rio. Essa investiga\u00e7\u00e3o foi instaurada com base em informa\u00e7\u00f5es do extinto Coaf.<\/p>\n\n\n\n<p>Segundo levantamento da Procuradoria-Geral da Rep\u00fablica, ao menos 935 investiga\u00e7\u00f5es e a\u00e7\u00f5es penais foram paralisadas em todo o pa\u00eds por causa da suspens\u00e3o de Toffoli.<\/p>\n\n\n\n<figure><iframe data-src=\"https:\/\/www.youtube.com\/embed\/HXoU_rpD5cY\" allowfullscreen=\"\" src=\"data:image\/svg+xml;base64,PHN2ZyB3aWR0aD0iMSIgaGVpZ2h0PSIxIiB4bWxucz0iaHR0cDovL3d3dy53My5vcmcvMjAwMC9zdmciPjwvc3ZnPg==\" class=\"lazyload\" data-load-mode=\"1\"><\/iframe><\/figure>\n\n\n\n<figure class=\"wp-block-image\"><img decoding=\"async\" data-src=\"https:\/\/www.clickpb.com.br\/media\/filer_public\/4b\/ca\/4bca7743-6e40-4568-988d-212786d3c4f0\/barra_folhapress.png\" alt=\"\" src=\"data:image\/svg+xml;base64,PHN2ZyB3aWR0aD0iMSIgaGVpZ2h0PSIxIiB4bWxucz0iaHR0cDovL3d3dy53My5vcmcvMjAwMC9zdmciPjwvc3ZnPg==\" class=\"lazyload\" \/><\/figure>\n","protected":false},"excerpt":{"rendered":"<p>&nbsp;O plen\u00e1rio do STF come\u00e7ou a julgar nesta quarta-feira (20) a\u00e7\u00e3o sobre o uso de dados sigilosos em investiga\u00e7\u00f5es sem autoriza\u00e7\u00e3o judicial. Em julho, o&hellip; <\/p>\n","protected":false},"author":1,"featured_media":136829,"comment_status":"closed","ping_status":"closed","sticky":false,"template":"","format":"standard","meta":{"sfsi_plus_gutenberg_text_before_share":"","sfsi_plus_gutenberg_show_text_before_share":"","sfsi_plus_gutenberg_icon_type":"","sfsi_plus_gutenberg_icon_alignemt":"","sfsi_plus_gutenburg_max_per_row":"","footnotes":""},"categories":[50,11],"tags":[],"class_list":["post-136828","post","type-post","status-publish","format-standard","has-post-thumbnail","hentry","category-destaque","category-politica"],"_links":{"self":[{"href":"https:\/\/www.caririemacao.com\/1\/wp-json\/wp\/v2\/posts\/136828","targetHints":{"allow":["GET"]}}],"collection":[{"href":"https:\/\/www.caririemacao.com\/1\/wp-json\/wp\/v2\/posts"}],"about":[{"href":"https:\/\/www.caririemacao.com\/1\/wp-json\/wp\/v2\/types\/post"}],"author":[{"embeddable":true,"href":"https:\/\/www.caririemacao.com\/1\/wp-json\/wp\/v2\/users\/1"}],"replies":[{"embeddable":true,"href":"https:\/\/www.caririemacao.com\/1\/wp-json\/wp\/v2\/comments?post=136828"}],"version-history":[{"count":1,"href":"https:\/\/www.caririemacao.com\/1\/wp-json\/wp\/v2\/posts\/136828\/revisions"}],"predecessor-version":[{"id":136830,"href":"https:\/\/www.caririemacao.com\/1\/wp-json\/wp\/v2\/posts\/136828\/revisions\/136830"}],"wp:featuredmedia":[{"embeddable":true,"href":"https:\/\/www.caririemacao.com\/1\/wp-json\/wp\/v2\/media\/136829"}],"wp:attachment":[{"href":"https:\/\/www.caririemacao.com\/1\/wp-json\/wp\/v2\/media?parent=136828"}],"wp:term":[{"taxonomy":"category","embeddable":true,"href":"https:\/\/www.caririemacao.com\/1\/wp-json\/wp\/v2\/categories?post=136828"},{"taxonomy":"post_tag","embeddable":true,"href":"https:\/\/www.caririemacao.com\/1\/wp-json\/wp\/v2\/tags?post=136828"}],"curies":[{"name":"wp","href":"https:\/\/api.w.org\/{rel}","templated":true}]}}