{"id":136832,"date":"2019-11-20T13:20:45","date_gmt":"2019-11-20T16:20:45","guid":{"rendered":"http:\/\/www.caririemacao.com\/1\/?p=136832"},"modified":"2019-11-20T13:20:45","modified_gmt":"2019-11-20T16:20:45","slug":"prefeitura-de-amparo-fez-aquisicao-de-equipamentos-para-a-secretaria-de-agricultura-melhor-atender-o-homem-do-campo","status":"publish","type":"post","link":"https:\/\/www.caririemacao.com\/1\/2019\/11\/20\/prefeitura-de-amparo-fez-aquisicao-de-equipamentos-para-a-secretaria-de-agricultura-melhor-atender-o-homem-do-campo\/","title":{"rendered":"Prefeitura de Amparo fez aquisi\u00e7\u00e3o de equipamentos para a Secret\u00e1ria de Agricultura melhor atender o homem do campo"},"content":{"rendered":"\n<p>Visando melhorar os servi\u00e7os ofertados pela Secretaria de Agricultura em prol do produtor rural do munic\u00edpio de Amparo, o&nbsp;prefeito In\u00e1cio&nbsp;N\u00f3brega&nbsp;adquiriu com recursos pr\u00f3prios equipamentos para melhor atender o homem do campo e nesta ter\u00e7a-feira (19) fez a entrega dos equipamentos a equipe da Secretaria de Agricultura.<br>01 &#8211; Pistola de vacina\u00e7\u00e3o completa;01 &#8211; M\u00e1quina de castra\u00e7\u00e3o (burdizzo);&nbsp;02 &#8211; Ferros de Descorne-a;01 &#8211; Alicate aplicador de liga;01 &#8211; Alicate aplicador de brinco;01 &#8211; Formiga de conten\u00e7\u00e3o animal;<br><\/p>\n\n\n\n<figure class=\"wp-block-image\"><a href=\"https:\/\/1.bp.blogspot.com\/-2afxMcHBw70\/XdVQ7n8WOwI\/AAAAAAABF2E\/eCoJFh5naLob_qz0ILElkHV9QhhwnO2sgCLcBGAsYHQ\/s1600\/WhatsApp%2BImage%2B2019-11-19%2Bat%2B10.26.02%2BPM.jpeg\"><img decoding=\"async\" data-src=\"https:\/\/1.bp.blogspot.com\/-2afxMcHBw70\/XdVQ7n8WOwI\/AAAAAAABF2E\/eCoJFh5naLob_qz0ILElkHV9QhhwnO2sgCLcBGAsYHQ\/s640\/WhatsApp%2BImage%2B2019-11-19%2Bat%2B10.26.02%2BPM.jpeg\" alt=\"\" src=\"data:image\/svg+xml;base64,PHN2ZyB3aWR0aD0iMSIgaGVpZ2h0PSIxIiB4bWxucz0iaHR0cDovL3d3dy53My5vcmcvMjAwMC9zdmciPjwvc3ZnPg==\" class=\"lazyload\" \/><\/a><\/figure>\n\n\n\n<p>Segundo o m\u00e9dico veterin\u00e1rio Dr. Wilsom Galdino, a iniciativa da Secretaria de Agricultura de levar a assist\u00eancia m\u00e9dico veterin\u00e1ria ao produtor rural \u00e9 de extrema import\u00e2ncia, j\u00e1 que tal a\u00e7\u00e3o ira erradicar eventuais incid\u00eancias de focos de febre aftosa e outras doen\u00e7as no munic\u00edpio.<br>Amparo Ligado com Aldo Pedeira<\/p>\n","protected":false},"excerpt":{"rendered":"<p>Visando melhorar os servi\u00e7os ofertados pela Secretaria de Agricultura em prol do produtor rural do munic\u00edpio de Amparo, o&nbsp;prefeito In\u00e1cio&nbsp;N\u00f3brega&nbsp;adquiriu com recursos pr\u00f3prios equipamentos para&hellip; <\/p>\n","protected":false},"author":1,"featured_media":136833,"comment_status":"closed","ping_status":"closed","sticky":false,"template":"","format":"standard","meta":{"sfsi_plus_gutenberg_text_before_share":"","sfsi_plus_gutenberg_show_text_before_share":"","sfsi_plus_gutenberg_icon_type":"","sfsi_plus_gutenberg_icon_alignemt":"","sfsi_plus_gutenburg_max_per_row":"","footnotes":""},"categories":[6],"tags":[],"class_list":["post-136832","post","type-post","status-publish","format-standard","has-post-thumbnail","hentry","category-cidades"],"_links":{"self":[{"href":"https:\/\/www.caririemacao.com\/1\/wp-json\/wp\/v2\/posts\/136832","targetHints":{"allow":["GET"]}}],"collection":[{"href":"https:\/\/www.caririemacao.com\/1\/wp-json\/wp\/v2\/posts"}],"about":[{"href":"https:\/\/www.caririemacao.com\/1\/wp-json\/wp\/v2\/types\/post"}],"author":[{"embeddable":true,"href":"https:\/\/www.caririemacao.com\/1\/wp-json\/wp\/v2\/users\/1"}],"replies":[{"embeddable":true,"href":"https:\/\/www.caririemacao.com\/1\/wp-json\/wp\/v2\/comments?post=136832"}],"version-history":[{"count":1,"href":"https:\/\/www.caririemacao.com\/1\/wp-json\/wp\/v2\/posts\/136832\/revisions"}],"predecessor-version":[{"id":136834,"href":"https:\/\/www.caririemacao.com\/1\/wp-json\/wp\/v2\/posts\/136832\/revisions\/136834"}],"wp:featuredmedia":[{"embeddable":true,"href":"https:\/\/www.caririemacao.com\/1\/wp-json\/wp\/v2\/media\/136833"}],"wp:attachment":[{"href":"https:\/\/www.caririemacao.com\/1\/wp-json\/wp\/v2\/media?parent=136832"}],"wp:term":[{"taxonomy":"category","embeddable":true,"href":"https:\/\/www.caririemacao.com\/1\/wp-json\/wp\/v2\/categories?post=136832"},{"taxonomy":"post_tag","embeddable":true,"href":"https:\/\/www.caririemacao.com\/1\/wp-json\/wp\/v2\/tags?post=136832"}],"curies":[{"name":"wp","href":"https:\/\/api.w.org\/{rel}","templated":true}]}}