{"id":136846,"date":"2019-11-20T13:30:59","date_gmt":"2019-11-20T16:30:59","guid":{"rendered":"http:\/\/www.caririemacao.com\/1\/?p=136846"},"modified":"2019-11-20T13:30:59","modified_gmt":"2019-11-20T16:30:59","slug":"bolsonaro-diz-que-desmatamento-e-cultural-no-brasil-e-nao-acabara","status":"publish","type":"post","link":"https:\/\/www.caririemacao.com\/1\/2019\/11\/20\/bolsonaro-diz-que-desmatamento-e-cultural-no-brasil-e-nao-acabara\/","title":{"rendered":"Bolsonaro diz que desmatamento \u00e9 cultural no Brasil e n\u00e3o acabar\u00e1"},"content":{"rendered":"\n<p>Ap\u00f3s um crescimento recorde da destrui\u00e7\u00e3o da vegeta\u00e7\u00e3o amaz\u00f4nica, o presidente Jair Bolsonaro minimizou nesta quarta-feira (20) o aumento do desmatamento e disse que ele n\u00e3o acabar\u00e1 no Brasil.<\/p>\n\n\n\n<p>Na sa\u00edda do Pal\u00e1cio do Alvorada, onde parou para cumprimentar um grupo de eleitores, ele afirmou que tanto os desmatamentos como as queimadas s\u00e3o pr\u00e1ticas culturais no pa\u00eds. O presidente foi perguntado se adotaria alguma medida para reduzir o desflorestamento. &#8220;Voc\u00ea n\u00e3o vai acabar com o desmatamento nem com as queimadas. \u00c9 cultural&#8221;, disse.<\/p>\n\n\n\n<p>No per\u00edodo de agosto de 2018 e julho de 2019, o Brasil bateu o recorde nesta d\u00e9cada de destrui\u00e7\u00e3o na floresta amaz\u00f4nica. Segundo o sistema de monitoramento Prodes (Programa de C\u00e1lculo do Desflorestamento da Amaz\u00f4nia), foram desmatados 9762 km\u00b2, um aumento de 29,5% em compara\u00e7\u00e3o com o ano anterior.<\/p>\n\n\n\n<p>O presidente criticou a ex-ministra do Meio Ambiente e sua advers\u00e1ria na \u00faltima disputa eleitoral, Marina Silva. Ela afirmou recentemente que o cen\u00e1rio \u00e9 preocupante para 2020 e que Bolsonaro quer entregar a Amaz\u00f4nia para a destrui\u00e7\u00e3o.<\/p>\n\n\n\n<p>&#8220;Eu vi a Marina Silva criticando anteontem. No per\u00edodo dela, tivemos a maior quantidade de il\u00edcitos na regi\u00e3o amaz\u00f4nica&#8221;, disse o presidente, que n\u00e3o apresentou, no entanto, dados para provar a sua afirma\u00e7\u00e3o.<\/p>\n\n\n\n<p>O aumento percentual do desmatamento amaz\u00f4nico deste ano \u00e9 o terceiro maior da hist\u00f3ria. Um aumento t\u00e3o acentuado s\u00f3 foi visto nos anos de 1995 e 1998. No primeiro, o crescimento foi de 95% e a taxa alcan\u00e7ou o pico hist\u00f3rico: 29.100 km\u00b2 de \u00e1rea devastada. J\u00e1 em 1998 o aumento do desmate foi de 31%.&nbsp;<\/p>\n\n\n\n<p>Na campanha presidencial, Bolsonaro criticou repetidas vezes a fiscaliza\u00e7\u00e3o ambiental feita pelo Ibama e afirmou que o pa\u00eds tem muitas unidades de conserva\u00e7\u00e3o e terras ind\u00edgenas.&nbsp;<\/p>\n\n\n\n<p>No cargo, n\u00e3o diminui o tom do discurso. Ele exonerou fiscal do Ibama (Instituto Brasileiro do Meio Ambiente) que lhe aplicou uma multa ambiental em 2012 e disse que atender\u00e1 a pedido de garimpeiros para que maquin\u00e1rios n\u00e3o sejam destru\u00eddos em opera\u00e7\u00f5es de fiscaliza\u00e7\u00e3o.<\/p>\n\n\n\n<p>Para o Observat\u00f3rio do Clima, a alta no desmatamento &#8220;coroa o desmonte ambiental&#8221; praticado na gest\u00e3o do presidente e de seu ministro do Meio Ambiente, Ricardo Salles.<\/p>\n","protected":false},"excerpt":{"rendered":"<p>Ap\u00f3s um crescimento recorde da destrui\u00e7\u00e3o da vegeta\u00e7\u00e3o amaz\u00f4nica, o presidente Jair Bolsonaro minimizou nesta quarta-feira (20) o aumento do desmatamento e disse que ele&hellip; <\/p>\n","protected":false},"author":1,"featured_media":136396,"comment_status":"closed","ping_status":"closed","sticky":false,"template":"","format":"standard","meta":{"sfsi_plus_gutenberg_text_before_share":"","sfsi_plus_gutenberg_show_text_before_share":"","sfsi_plus_gutenberg_icon_type":"","sfsi_plus_gutenberg_icon_alignemt":"","sfsi_plus_gutenburg_max_per_row":"","footnotes":""},"categories":[11],"tags":[],"class_list":["post-136846","post","type-post","status-publish","format-standard","has-post-thumbnail","hentry","category-politica"],"_links":{"self":[{"href":"https:\/\/www.caririemacao.com\/1\/wp-json\/wp\/v2\/posts\/136846","targetHints":{"allow":["GET"]}}],"collection":[{"href":"https:\/\/www.caririemacao.com\/1\/wp-json\/wp\/v2\/posts"}],"about":[{"href":"https:\/\/www.caririemacao.com\/1\/wp-json\/wp\/v2\/types\/post"}],"author":[{"embeddable":true,"href":"https:\/\/www.caririemacao.com\/1\/wp-json\/wp\/v2\/users\/1"}],"replies":[{"embeddable":true,"href":"https:\/\/www.caririemacao.com\/1\/wp-json\/wp\/v2\/comments?post=136846"}],"version-history":[{"count":1,"href":"https:\/\/www.caririemacao.com\/1\/wp-json\/wp\/v2\/posts\/136846\/revisions"}],"predecessor-version":[{"id":136847,"href":"https:\/\/www.caririemacao.com\/1\/wp-json\/wp\/v2\/posts\/136846\/revisions\/136847"}],"wp:featuredmedia":[{"embeddable":true,"href":"https:\/\/www.caririemacao.com\/1\/wp-json\/wp\/v2\/media\/136396"}],"wp:attachment":[{"href":"https:\/\/www.caririemacao.com\/1\/wp-json\/wp\/v2\/media?parent=136846"}],"wp:term":[{"taxonomy":"category","embeddable":true,"href":"https:\/\/www.caririemacao.com\/1\/wp-json\/wp\/v2\/categories?post=136846"},{"taxonomy":"post_tag","embeddable":true,"href":"https:\/\/www.caririemacao.com\/1\/wp-json\/wp\/v2\/tags?post=136846"}],"curies":[{"name":"wp","href":"https:\/\/api.w.org\/{rel}","templated":true}]}}