{"id":136850,"date":"2019-11-20T13:32:40","date_gmt":"2019-11-20T16:32:40","guid":{"rendered":"http:\/\/www.caririemacao.com\/1\/?p=136850"},"modified":"2019-11-20T13:32:40","modified_gmt":"2019-11-20T16:32:40","slug":"tce-pb-aprova-contas-da-gestao-2018-de-adriano-wolff-na-prefeitura-de-ss-do-umbuzeiro","status":"publish","type":"post","link":"https:\/\/www.caririemacao.com\/1\/2019\/11\/20\/tce-pb-aprova-contas-da-gestao-2018-de-adriano-wolff-na-prefeitura-de-ss-do-umbuzeiro\/","title":{"rendered":"TCE-PB aprova contas da gest\u00e3o 2018 de Adriano Wolff na prefeitura de SS do Umbuzeiro"},"content":{"rendered":"\n<p>O Tribunal de Contas do Estado da Para\u00edba aprovou na manh\u00e3 desta quarta-feira (20), por unanimidade as contas da Prefeitura Municipal de S\u00e3o Sebasti\u00e3o do Umbuzeiro referente ao exerc\u00edcio 2018.<br>O prefeito Adriano Wolff comemorou a aprova\u00e7\u00e3o das contas, e disse que isso \u00e9 fruto de uma gest\u00e3o financeira equilibrada, respons\u00e1vel e com compromisso.<br>\u201cAgrade\u00e7o a toda equipe da nossa administra\u00e7\u00e3o, assist\u00eancia cont\u00e1bil e jur\u00eddica. o trabalho n\u00e3o pode parar!\u201d, disse o prefeito Adriano.<\/p>\n","protected":false},"excerpt":{"rendered":"<p>O Tribunal de Contas do Estado da Para\u00edba aprovou na manh\u00e3 desta quarta-feira (20), por unanimidade as contas da Prefeitura Municipal de S\u00e3o Sebasti\u00e3o do&hellip; <\/p>\n","protected":false},"author":1,"featured_media":136851,"comment_status":"closed","ping_status":"closed","sticky":false,"template":"","format":"standard","meta":{"sfsi_plus_gutenberg_text_before_share":"","sfsi_plus_gutenberg_show_text_before_share":"","sfsi_plus_gutenberg_icon_type":"","sfsi_plus_gutenberg_icon_alignemt":"","sfsi_plus_gutenburg_max_per_row":"","footnotes":""},"categories":[6,50],"tags":[],"class_list":["post-136850","post","type-post","status-publish","format-standard","has-post-thumbnail","hentry","category-cidades","category-destaque"],"_links":{"self":[{"href":"https:\/\/www.caririemacao.com\/1\/wp-json\/wp\/v2\/posts\/136850","targetHints":{"allow":["GET"]}}],"collection":[{"href":"https:\/\/www.caririemacao.com\/1\/wp-json\/wp\/v2\/posts"}],"about":[{"href":"https:\/\/www.caririemacao.com\/1\/wp-json\/wp\/v2\/types\/post"}],"author":[{"embeddable":true,"href":"https:\/\/www.caririemacao.com\/1\/wp-json\/wp\/v2\/users\/1"}],"replies":[{"embeddable":true,"href":"https:\/\/www.caririemacao.com\/1\/wp-json\/wp\/v2\/comments?post=136850"}],"version-history":[{"count":1,"href":"https:\/\/www.caririemacao.com\/1\/wp-json\/wp\/v2\/posts\/136850\/revisions"}],"predecessor-version":[{"id":136852,"href":"https:\/\/www.caririemacao.com\/1\/wp-json\/wp\/v2\/posts\/136850\/revisions\/136852"}],"wp:featuredmedia":[{"embeddable":true,"href":"https:\/\/www.caririemacao.com\/1\/wp-json\/wp\/v2\/media\/136851"}],"wp:attachment":[{"href":"https:\/\/www.caririemacao.com\/1\/wp-json\/wp\/v2\/media?parent=136850"}],"wp:term":[{"taxonomy":"category","embeddable":true,"href":"https:\/\/www.caririemacao.com\/1\/wp-json\/wp\/v2\/categories?post=136850"},{"taxonomy":"post_tag","embeddable":true,"href":"https:\/\/www.caririemacao.com\/1\/wp-json\/wp\/v2\/tags?post=136850"}],"curies":[{"name":"wp","href":"https:\/\/api.w.org\/{rel}","templated":true}]}}