{"id":136867,"date":"2019-11-20T13:40:00","date_gmt":"2019-11-20T16:40:00","guid":{"rendered":"http:\/\/www.caririemacao.com\/1\/?p=136867"},"modified":"2019-11-20T13:40:00","modified_gmt":"2019-11-20T16:40:00","slug":"novembro-azul-segue-intensificado-com-grandes-programacoes-em-monteiro","status":"publish","type":"post","link":"https:\/\/www.caririemacao.com\/1\/2019\/11\/20\/novembro-azul-segue-intensificado-com-grandes-programacoes-em-monteiro\/","title":{"rendered":"Novembro azul segue intensificado com grandes programa\u00e7\u00f5es em Monteiro"},"content":{"rendered":"\n<p>A Secretaria de Sa\u00fade do munic\u00edpio de Monteiro tem intensificado os trabalhos de conscientiza\u00e7\u00e3o e preven\u00e7\u00e3o do c\u00e2ncer de pr\u00f3stata desde o in\u00edcio do m\u00eas de novembro.<br>No \u00faltimo s\u00e1bado equipes da Aten\u00e7\u00e3o B\u00e1sica estiveram em uma grande a\u00e7\u00e3o na Feira do Gado proporcionando atendimentos como aferi\u00e7\u00e3o de press\u00e3o, testes r\u00e1pidos, vacina\u00e7\u00e3o, marca\u00e7\u00e3o de consultas e exames de PSA. O evento contou tamb\u00e9m com a participa\u00e7\u00e3o da prefeita Anna Lorena e vereadores que puderam falar da import\u00e2ncia do Novembro Azul para os comerciantes e agricultores e a popula\u00e7\u00e3o presente.<br>No in\u00edcio da noite desta segunda-feira, 18, outra grande a\u00e7\u00e3o movimentou mais uma Unidade de Sa\u00fade, desta vez o PSF 07 que se localiza pr\u00f3ximo ao Abrigo de Idosos. Dezenas de moradores atendidos pelo PSF compareceram prestigiando as palestras, brincadeiras, sorteios, atendimentos de sa\u00fade, marca\u00e7\u00e3o de consultas e exames, al\u00e9m de um delicioso jantar, ao som de um bom forr\u00f3 p\u00e9 de serra.<br>Na oportunidade a prefeita Anna Lorena expressou sua alegria em ver a grande participa\u00e7\u00e3o dos homens no evento, bem como a participa\u00e7\u00e3o com perguntas, e a mesma se colocou a disposi\u00e7\u00e3o e a toda equipe para sanar d\u00favidas e quest\u00f5es relacionadas: \u201cPrecisamos entender que cuidando da nossa sa\u00fade com a preven\u00e7\u00e3o, realizando consultas e exames, \u00e9 bem melhor. Estamos aqui agora e sempre que seja preciso, pra tirar d\u00favidas e encaminhar voc\u00eas para onde seja necess\u00e1rio. \u00c9 uma imensa felicidade contar com todos aqui nesta festa linda preparada com todo carinho pela equipe do PSF 07 em uma bela iniciativa. Vamos aproveitar ao m\u00e1ximo!\u201d.<br><\/p>\n\n\n\n<figure class=\"wp-block-image\"><a href=\"https:\/\/i1.wp.com\/www.vitrinedocariri.com.br\/wp-content\/uploads\/2019\/11\/Novembro-azul-segue-com-grandes-programa%C3%A7%C3%B5es-em-Monteiro-27.jpeg?resize=225%2C300&amp;ssl=1\"><img decoding=\"async\" data-src=\"https:\/\/i1.wp.com\/www.vitrinedocariri.com.br\/wp-content\/uploads\/2019\/11\/Novembro-azul-segue-com-grandes-programa%C3%A7%C3%B5es-em-Monteiro-27.jpeg?resize=225%2C300&amp;ssl=1\" alt=\"\" src=\"data:image\/svg+xml;base64,PHN2ZyB3aWR0aD0iMSIgaGVpZ2h0PSIxIiB4bWxucz0iaHR0cDovL3d3dy53My5vcmcvMjAwMC9zdmciPjwvc3ZnPg==\" class=\"lazyload\" \/><\/a><\/figure>\n\n\n\n<p>&nbsp;J\u00e1 na manh\u00e3 desta ter\u00e7a-feira, 19, no PSF 09 houveram diversos atendimentos incluindo palestra com o m\u00e9dico da unidade e os profissionais do NASF, marca\u00e7\u00e3o dos exames e consultas acompanhados de um caf\u00e9 da manh\u00e3 com a presen\u00e7a da secret\u00e1ria executiva de Sa\u00fade, Vivianne Ferreira, que tamb\u00e9m participou dos trabalhos de conscientiza\u00e7\u00e3o neste m\u00eas.&nbsp;<br><strong>Novembro Azul<\/strong><br>A Prefeitura de Monteiro vem realizando atividades em todas as Unidades B\u00e1sicas de Sa\u00fade do munic\u00edpio na zona urbana e rural, al\u00e9m do CEMED, Feira do Gado e no pr\u00f3ximo s\u00e1bado, 23, acontece na Pra\u00e7a Nilo Feitosa a partir das 08h da manh\u00e3.<br>Diante do trabalho incans\u00e1vel das equipes, as unidades vem recebendo a cada ano mais homens interessados no cuidado com a sa\u00fade e a preven\u00e7\u00e3o ao c\u00e2ncer de pr\u00f3stata. Em 2017 foram ofertados 250 exames de PSA, j\u00e1 no ano de 2018 o n\u00famero subiu para 400 e neste ano a meta \u00e9 ultrapassar os 500 exames.<\/p>\n","protected":false},"excerpt":{"rendered":"<p>A Secretaria de Sa\u00fade do munic\u00edpio de Monteiro tem intensificado os trabalhos de conscientiza\u00e7\u00e3o e preven\u00e7\u00e3o do c\u00e2ncer de pr\u00f3stata desde o in\u00edcio do m\u00eas&hellip; <\/p>\n","protected":false},"author":1,"featured_media":136868,"comment_status":"closed","ping_status":"closed","sticky":false,"template":"","format":"standard","meta":{"sfsi_plus_gutenberg_text_before_share":"","sfsi_plus_gutenberg_show_text_before_share":"","sfsi_plus_gutenberg_icon_type":"","sfsi_plus_gutenberg_icon_alignemt":"","sfsi_plus_gutenburg_max_per_row":"","footnotes":""},"categories":[2],"tags":[],"class_list":["post-136867","post","type-post","status-publish","format-standard","has-post-thumbnail","hentry","category-geral"],"_links":{"self":[{"href":"https:\/\/www.caririemacao.com\/1\/wp-json\/wp\/v2\/posts\/136867","targetHints":{"allow":["GET"]}}],"collection":[{"href":"https:\/\/www.caririemacao.com\/1\/wp-json\/wp\/v2\/posts"}],"about":[{"href":"https:\/\/www.caririemacao.com\/1\/wp-json\/wp\/v2\/types\/post"}],"author":[{"embeddable":true,"href":"https:\/\/www.caririemacao.com\/1\/wp-json\/wp\/v2\/users\/1"}],"replies":[{"embeddable":true,"href":"https:\/\/www.caririemacao.com\/1\/wp-json\/wp\/v2\/comments?post=136867"}],"version-history":[{"count":1,"href":"https:\/\/www.caririemacao.com\/1\/wp-json\/wp\/v2\/posts\/136867\/revisions"}],"predecessor-version":[{"id":136869,"href":"https:\/\/www.caririemacao.com\/1\/wp-json\/wp\/v2\/posts\/136867\/revisions\/136869"}],"wp:featuredmedia":[{"embeddable":true,"href":"https:\/\/www.caririemacao.com\/1\/wp-json\/wp\/v2\/media\/136868"}],"wp:attachment":[{"href":"https:\/\/www.caririemacao.com\/1\/wp-json\/wp\/v2\/media?parent=136867"}],"wp:term":[{"taxonomy":"category","embeddable":true,"href":"https:\/\/www.caririemacao.com\/1\/wp-json\/wp\/v2\/categories?post=136867"},{"taxonomy":"post_tag","embeddable":true,"href":"https:\/\/www.caririemacao.com\/1\/wp-json\/wp\/v2\/tags?post=136867"}],"curies":[{"name":"wp","href":"https:\/\/api.w.org\/{rel}","templated":true}]}}