{"id":136873,"date":"2019-11-20T13:44:09","date_gmt":"2019-11-20T16:44:09","guid":{"rendered":"http:\/\/www.caririemacao.com\/1\/?p=136873"},"modified":"2019-11-20T13:44:09","modified_gmt":"2019-11-20T16:44:09","slug":"prefeita-de-ouro-velho-anuncia-pagamento-da-2a-parcela-do-13-salario-dos-servidores","status":"publish","type":"post","link":"https:\/\/www.caririemacao.com\/1\/2019\/11\/20\/prefeita-de-ouro-velho-anuncia-pagamento-da-2a-parcela-do-13-salario-dos-servidores\/","title":{"rendered":"Prefeita de Ouro Velho anuncia pagamento da 2\u00aa parcela do 13\u00b0 sal\u00e1rio dos servidores"},"content":{"rendered":"\n<p>A Prefeita de Ouro velho, Nat\u00e1lia Lira, anunciou nesta ter\u00e7a-feira (19), o pagamento da segunda parcela do 13\u00ba sal\u00e1rio dos servidores municipais, que foi j\u00e1 repassado para as contas dos funcion\u00e1rios. A gest\u00e3o j\u00e1 havia pago a primeira parcela do 13\u00ba sal\u00e1rio em junho.<\/p>\n\n\n\n<p>\u201c\u00c9 uma tradi\u00e7\u00e3o da nossa gest\u00e3o antecipar o 13\u00ba sal\u00e1rio. Nossa sa\u00fade financeira nos permite e fazemos quest\u00e3o de antecipar, e tamb\u00e9m, o pagamento do m\u00eas de novembro j\u00e1 foi efetuado, como forma de valorizar e reconhecer o trabalho dos nossos servidores\u201d, afirmou a Prefeita.<\/p>\n\n\n\n<p>Nat\u00e1lia destacou ainda que, mais uma vez, a Prefeitura cumpre com a sua obriga\u00e7\u00e3o e lembrou que nos momentos mais dif\u00edceis da crise econ\u00f4mica nunca deixou de honrar o pagamento do funcion\u00e1rio, inclusive com o pagamento dos sal\u00e1rios de novembro j\u00e1 efetuado desde a semana passada.<\/p>\n\n\n\n<p>\u201cSempre honramos nosso compromisso com o servidor e isso \u00e9 uma marca da nossa administra\u00e7\u00e3o. Mesmo o pa\u00eds enfrentando essa crise, nos organizamos e mantivemos todos nossos pagamentos em dia. Para mim pagamento do servidor sempre foi prioridade e sei que a uni\u00e3o com os servidores \u00e9 o que garante que fazemos o governo que estamos fazendo, com obras e tamb\u00e9m proporcionando qualidade de vida ao povo de Ouro Velho\u201d, inalizou a Prefeita Nat\u00e1lia de Dr. J\u00fanior.<\/p>\n","protected":false},"excerpt":{"rendered":"<p>A Prefeita de Ouro velho, Nat\u00e1lia Lira, anunciou nesta ter\u00e7a-feira (19), o pagamento da segunda parcela do 13\u00ba sal\u00e1rio dos servidores municipais, que foi j\u00e1&hellip; <\/p>\n","protected":false},"author":1,"featured_media":18946,"comment_status":"closed","ping_status":"closed","sticky":false,"template":"","format":"standard","meta":{"sfsi_plus_gutenberg_text_before_share":"","sfsi_plus_gutenberg_show_text_before_share":"","sfsi_plus_gutenberg_icon_type":"","sfsi_plus_gutenberg_icon_alignemt":"","sfsi_plus_gutenburg_max_per_row":"","footnotes":""},"categories":[6],"tags":[],"class_list":["post-136873","post","type-post","status-publish","format-standard","has-post-thumbnail","hentry","category-cidades"],"_links":{"self":[{"href":"https:\/\/www.caririemacao.com\/1\/wp-json\/wp\/v2\/posts\/136873","targetHints":{"allow":["GET"]}}],"collection":[{"href":"https:\/\/www.caririemacao.com\/1\/wp-json\/wp\/v2\/posts"}],"about":[{"href":"https:\/\/www.caririemacao.com\/1\/wp-json\/wp\/v2\/types\/post"}],"author":[{"embeddable":true,"href":"https:\/\/www.caririemacao.com\/1\/wp-json\/wp\/v2\/users\/1"}],"replies":[{"embeddable":true,"href":"https:\/\/www.caririemacao.com\/1\/wp-json\/wp\/v2\/comments?post=136873"}],"version-history":[{"count":1,"href":"https:\/\/www.caririemacao.com\/1\/wp-json\/wp\/v2\/posts\/136873\/revisions"}],"predecessor-version":[{"id":136874,"href":"https:\/\/www.caririemacao.com\/1\/wp-json\/wp\/v2\/posts\/136873\/revisions\/136874"}],"wp:featuredmedia":[{"embeddable":true,"href":"https:\/\/www.caririemacao.com\/1\/wp-json\/wp\/v2\/media\/18946"}],"wp:attachment":[{"href":"https:\/\/www.caririemacao.com\/1\/wp-json\/wp\/v2\/media?parent=136873"}],"wp:term":[{"taxonomy":"category","embeddable":true,"href":"https:\/\/www.caririemacao.com\/1\/wp-json\/wp\/v2\/categories?post=136873"},{"taxonomy":"post_tag","embeddable":true,"href":"https:\/\/www.caririemacao.com\/1\/wp-json\/wp\/v2\/tags?post=136873"}],"curies":[{"name":"wp","href":"https:\/\/api.w.org\/{rel}","templated":true}]}}