{"id":136894,"date":"2019-11-20T14:00:26","date_gmt":"2019-11-20T17:00:26","guid":{"rendered":"http:\/\/www.caririemacao.com\/1\/?p=136894"},"modified":"2019-11-20T14:00:26","modified_gmt":"2019-11-20T17:00:26","slug":"pornografia-infantil-mpf-denuncia-homem-que-mora-na-paraiba-ele-tinha-mais-de-30-mil-arquivos-no-computador","status":"publish","type":"post","link":"https:\/\/www.caririemacao.com\/1\/2019\/11\/20\/pornografia-infantil-mpf-denuncia-homem-que-mora-na-paraiba-ele-tinha-mais-de-30-mil-arquivos-no-computador\/","title":{"rendered":"PORNOGRAFIA INFANTIL: MPF denuncia homem que mora na Para\u00edba; ele tinha mais de 30 mil arquivos no computador"},"content":{"rendered":"\n<p>O Minist\u00e9rio P\u00fablico Federal (MPF) denunciou um homem residente em Jo\u00e3o Pessoa (PB) por crime de pornografia infantil. De acordo com as investiga\u00e7\u00f5es, o acusado transmitiu e distribuiu, de forma continuada, na internet, fotos e v\u00eddeos com pornografia ou cenas de sexo expl\u00edcito envolvendo crian\u00e7as e adolescentes, por meio do programa de compartilhamento de arquivos virtuais Emule.<\/p>\n\n\n\n<p>Segundo a den\u00fancia, ele teria praticado as condutas il\u00edcitas de forma dolosa pelo menos de 2 de mar\u00e7o de 2010 a 12 de mar\u00e7o de 2019.<br><br>Consta dos autos que o acusado possu\u00eda armazenado em seu computador e em outras m\u00eddias mais de 31 mil arquivos pornogr\u00e1ficos.<br><br>Em fevereiro deste ano, o denunciado foi flagrado durante cumprimento de mandado de busca e apreens\u00e3o autorizado pela Justi\u00e7a Federal. Ele foi preso, mas atualmente est\u00e1 em liberdade.<\/p>\n\n\n\n<p>Para o MPF, o acusado cometeu crimes previstos nos artigos 241-B e 241-A do Estatuto da Crian\u00e7a e do Adolescente (ECA), ao adquirir, possuir ou armazenar, disponibilizar, transmitir e distribuir arquivos de pornografia envolvendo crian\u00e7a ou adolescente. O Minist\u00e9rio P\u00fablico Federal pede a condena\u00e7\u00e3o do acusado na forma dos artigos 69 (concurso material) e 71 (continuidade delitiva) do C\u00f3digo Penal. Caso seja condenado, o denunciado pode pegar pena de 8 a 20 anos de reclus\u00e3o, mais pagamento de multa.<\/p>\n\n\n\n<p>O MPF requer ainda, com fundamento no artigo 319, I e VI, do C\u00f3digo de Processo Penal e considerando as circunst\u00e2ncias e natureza do crime, que sejam impostas ao denunciado medidas cautelares diversas da pris\u00e3o: comparecimento mensal em ju\u00edzo, para informar e justificar atividades profissionais; e proibi\u00e7\u00e3o\/suspens\u00e3o de exerc\u00edcio de atividade profissional que lide diretamente com crian\u00e7as e adolescentes.<\/p>\n","protected":false},"excerpt":{"rendered":"<p>O Minist\u00e9rio P\u00fablico Federal (MPF) denunciou um homem residente em Jo\u00e3o Pessoa (PB) por crime de pornografia infantil. De acordo com as investiga\u00e7\u00f5es, o acusado&hellip; <\/p>\n","protected":false},"author":1,"featured_media":89626,"comment_status":"closed","ping_status":"closed","sticky":false,"template":"","format":"standard","meta":{"sfsi_plus_gutenberg_text_before_share":"","sfsi_plus_gutenberg_show_text_before_share":"","sfsi_plus_gutenberg_icon_type":"","sfsi_plus_gutenberg_icon_alignemt":"","sfsi_plus_gutenburg_max_per_row":"","footnotes":""},"categories":[12],"tags":[],"class_list":["post-136894","post","type-post","status-publish","format-standard","has-post-thumbnail","hentry","category-policia"],"_links":{"self":[{"href":"https:\/\/www.caririemacao.com\/1\/wp-json\/wp\/v2\/posts\/136894","targetHints":{"allow":["GET"]}}],"collection":[{"href":"https:\/\/www.caririemacao.com\/1\/wp-json\/wp\/v2\/posts"}],"about":[{"href":"https:\/\/www.caririemacao.com\/1\/wp-json\/wp\/v2\/types\/post"}],"author":[{"embeddable":true,"href":"https:\/\/www.caririemacao.com\/1\/wp-json\/wp\/v2\/users\/1"}],"replies":[{"embeddable":true,"href":"https:\/\/www.caririemacao.com\/1\/wp-json\/wp\/v2\/comments?post=136894"}],"version-history":[{"count":1,"href":"https:\/\/www.caririemacao.com\/1\/wp-json\/wp\/v2\/posts\/136894\/revisions"}],"predecessor-version":[{"id":136896,"href":"https:\/\/www.caririemacao.com\/1\/wp-json\/wp\/v2\/posts\/136894\/revisions\/136896"}],"wp:featuredmedia":[{"embeddable":true,"href":"https:\/\/www.caririemacao.com\/1\/wp-json\/wp\/v2\/media\/89626"}],"wp:attachment":[{"href":"https:\/\/www.caririemacao.com\/1\/wp-json\/wp\/v2\/media?parent=136894"}],"wp:term":[{"taxonomy":"category","embeddable":true,"href":"https:\/\/www.caririemacao.com\/1\/wp-json\/wp\/v2\/categories?post=136894"},{"taxonomy":"post_tag","embeddable":true,"href":"https:\/\/www.caririemacao.com\/1\/wp-json\/wp\/v2\/tags?post=136894"}],"curies":[{"name":"wp","href":"https:\/\/api.w.org\/{rel}","templated":true}]}}