{"id":136903,"date":"2019-11-20T14:03:03","date_gmt":"2019-11-20T17:03:03","guid":{"rendered":"http:\/\/www.caririemacao.com\/1\/?p=136903"},"modified":"2019-11-20T14:03:41","modified_gmt":"2019-11-20T17:03:41","slug":"treino-aerofla-e-viagem-a-lima-flamengo-entra-no-clima-da-final-da-nesta-quarta-feira","status":"publish","type":"post","link":"https:\/\/www.caririemacao.com\/1\/2019\/11\/20\/treino-aerofla-e-viagem-a-lima-flamengo-entra-no-clima-da-final-da-nesta-quarta-feira\/","title":{"rendered":"Treino, \u2018AeroFla\u2019 e viagem a Lima: Flamengo entra no clima da final da nesta quarta-feira"},"content":{"rendered":"\n<p>A semana da final da Libertadores esquenta nesta quarta-feira para Flamengo e River Plate, rivais que chegar\u00e3o \u00e0 noite em Lima, palco da primeira decis\u00e3o em jogo \u00fanico na hist\u00f3ria do torneio sul-americano. E o dia promete ser cheio para os rubro-negros, que j\u00e1 entrar\u00e3o no clima antes mesmo de desembarcar na capital peruana para o jogo do pr\u00f3ximo s\u00e1bado, \u00e0s 17h (de Bras\u00edlia), no Est\u00e1dio Monumental.<\/p>\n\n\n\n<p>O dia come\u00e7a com o \u00faltimo treino \u201c\u00e0 vera\u201d antes da final. Embora tenha mais 48 horas de prepara\u00e7\u00e3o em solo peruano, Jorge Jesus se programou para passar toda a parte t\u00e1tica nas atividades de ter\u00e7a e quarta no Ninho do Urubu, por considerar que em Lima n\u00e3o ter\u00e1 privacidade suficiente para trabalhar. No primeiro treino da semana, apenas Vitinho ficou na academia por conta de dores musculares.<\/p>\n\n\n\n<p>E em dia de feriado do Dia Nacional da Consci\u00eancia Negra, a torcida promete abra\u00e7ar o time desde as primeiras horas da manh\u00e3. Organizadas rubro-negras se mobilizaram nos \u00faltimos dias para uma manifesta\u00e7\u00e3o de apoio na porta do CT, como aconteceu antes do jogo de volta das oitavas de final contra o Emelec. A previs\u00e3o de sa\u00edda do \u00f4nibus dos jogadores dIrmo Ninho \u00e9 no in\u00edcio da tarde.<\/p>\n\n\n\n<p>AMANH\u00c3, no GALE\u00c3O, O MAIOR&nbsp;<a href=\"https:\/\/twitter.com\/hashtag\/AEROFLA?src=hash&amp;ref_src=twsrc%5Etfw\">#AEROFLA<\/a>&nbsp;DA HIST\u00d3RIA?!<br>\u2013 Concentra\u00e7\u00e3o a partir das 10h, em Madureira (BRT Mercad\u00e3o e Manaceia) &amp; no BRT Fund\u00e3o<br>\u2013 Sa\u00edda do Fund\u00e3o \u00e0s 12h em caminhada ao Terminal de Cargas<br>COMPARTILHEM NOS GRUPOS DE ZAP. CHAMEM OS AMIGOS&nbsp;<a href=\"https:\/\/t.co\/4I8kz7cBJg\">pic.twitter.com\/4I8kz7cBJg<\/a>\u2014&nbsp;<a href=\"https:\/\/twitter.com\/PartiuAeroFla\/status\/1196927998622126080\">November 19, 2019<\/a><\/p>\n\n\n\n<p>Nos arredores do Aeroporto do Gale\u00e3o, a torcida promete n\u00e3o s\u00f3 um novo \u201cAeroFla\u201d, mas o \u201cmaior AeroFla da hist\u00f3ria\u201d, como anuncia o perfil @PartiuAeroFla no Twitter. Nas redes sociais, marcaram pontos de concentra\u00e7\u00e3o a partir das 10h em Madureira (BRT Mercad\u00e3o e Manaceia) e no BRT Fund\u00e3o. Por quest\u00f5es de seguran\u00e7a, o embarque ser\u00e1 feito pelo terminal de cargas, e n\u00e3o de passageiros.<\/p>\n\n\n\n<p>Assim, n\u00e3o haver\u00e1 contato dos jogadores com torcedores e nem mesmo a imprensa. A delega\u00e7\u00e3o embarcar\u00e1 pela pista em voo fretado que est\u00e1 previsto para decolar \u00e0s 15h30. Al\u00e9m disso, h\u00e1 mais dois voos fretados: um no mesmo dia com integrantes da diretoria \u2013 Jesus prefere que n\u00e3o se misturem os grupos \u2013 e outro na sexta, bancado pelo elenco e que levar\u00e1 familiares, mulheres e amigos.<\/p>\n\n\n\n<p>A previs\u00e3o \u00e9 que o Flamengo desembarque na capital peruana por volta de 21h no hor\u00e1rio local, uma hora ap\u00f3s o protocolo da Conmebol, mas dentro do per\u00edodo tolerado pela entidade. Na chegada a Lima, est\u00e1 prevista uma zona mista de entrevistas com os jogadores, mas apenas para a Conmebol e ag\u00eancias internacionais. Em seguida, a delega\u00e7\u00e3o seguir\u00e1 para o hotel.<\/p>\n\n\n\n<p>Em solo peruano, ser\u00e3o dois treinos, um quinta e outro sexta, ambos \u00e0s 10h, no hor\u00e1rio local, no centro de treinamento da Federa\u00e7\u00e3o Peruana, o Villa Deportiva Nacional, onde a sele\u00e7\u00e3o do Peru costuma treinar. Na v\u00e9spera da final, haver\u00e1 ainda um trabalho de reconhecimento \u00e0s 17h30, no Est\u00e1dio Monumental de Lima, palco da decis\u00e3o, e coletiva de Jorge Jesus e Everton Ribeiro.<\/p>\n\n\n\n<p>O Flamengo enfrenta o River Plate no s\u00e1bado, \u00e0s 17h (de Bras\u00edlia), e independentemente do resultado n\u00e3o dormir\u00e1 no pa\u00eds. A programa\u00e7\u00e3o prev\u00ea o retorno da delega\u00e7\u00e3o ainda na madrugada de domingo, com chegada prevista para o Gale\u00e3o \u00e0s 9h25. O clube n\u00e3o joga pelo Campeonato Brasileiro no fim de semana, mas pode conquistar o t\u00edtulo em caso de empate ou derrota do Palmeiras contra o Gr\u00eamio.<\/p>\n\n\n\n<p><br><strong>Globo Esporte<\/strong><\/p>\n","protected":false},"excerpt":{"rendered":"<p>A semana da final da Libertadores esquenta nesta quarta-feira para Flamengo e River Plate, rivais que chegar\u00e3o \u00e0 noite em Lima, palco da primeira decis\u00e3o&hellip; <\/p>\n","protected":false},"author":1,"featured_media":136905,"comment_status":"closed","ping_status":"closed","sticky":false,"template":"","format":"standard","meta":{"sfsi_plus_gutenberg_text_before_share":"","sfsi_plus_gutenberg_show_text_before_share":"","sfsi_plus_gutenberg_icon_type":"","sfsi_plus_gutenberg_icon_alignemt":"","sfsi_plus_gutenburg_max_per_row":"","footnotes":""},"categories":[13],"tags":[],"class_list":["post-136903","post","type-post","status-publish","format-standard","has-post-thumbnail","hentry","category-esportes"],"_links":{"self":[{"href":"https:\/\/www.caririemacao.com\/1\/wp-json\/wp\/v2\/posts\/136903","targetHints":{"allow":["GET"]}}],"collection":[{"href":"https:\/\/www.caririemacao.com\/1\/wp-json\/wp\/v2\/posts"}],"about":[{"href":"https:\/\/www.caririemacao.com\/1\/wp-json\/wp\/v2\/types\/post"}],"author":[{"embeddable":true,"href":"https:\/\/www.caririemacao.com\/1\/wp-json\/wp\/v2\/users\/1"}],"replies":[{"embeddable":true,"href":"https:\/\/www.caririemacao.com\/1\/wp-json\/wp\/v2\/comments?post=136903"}],"version-history":[{"count":2,"href":"https:\/\/www.caririemacao.com\/1\/wp-json\/wp\/v2\/posts\/136903\/revisions"}],"predecessor-version":[{"id":136907,"href":"https:\/\/www.caririemacao.com\/1\/wp-json\/wp\/v2\/posts\/136903\/revisions\/136907"}],"wp:featuredmedia":[{"embeddable":true,"href":"https:\/\/www.caririemacao.com\/1\/wp-json\/wp\/v2\/media\/136905"}],"wp:attachment":[{"href":"https:\/\/www.caririemacao.com\/1\/wp-json\/wp\/v2\/media?parent=136903"}],"wp:term":[{"taxonomy":"category","embeddable":true,"href":"https:\/\/www.caririemacao.com\/1\/wp-json\/wp\/v2\/categories?post=136903"},{"taxonomy":"post_tag","embeddable":true,"href":"https:\/\/www.caririemacao.com\/1\/wp-json\/wp\/v2\/tags?post=136903"}],"curies":[{"name":"wp","href":"https:\/\/api.w.org\/{rel}","templated":true}]}}