{"id":136916,"date":"2019-11-20T14:14:36","date_gmt":"2019-11-20T17:14:36","guid":{"rendered":"http:\/\/www.caririemacao.com\/1\/?p=136916"},"modified":"2019-11-20T14:14:36","modified_gmt":"2019-11-20T17:14:36","slug":"assista-na-paraiba-ciro-gomes-abre-portas-do-pdt-para-joao-azevedo","status":"publish","type":"post","link":"https:\/\/www.caririemacao.com\/1\/2019\/11\/20\/assista-na-paraiba-ciro-gomes-abre-portas-do-pdt-para-joao-azevedo\/","title":{"rendered":"Assista: Na Para\u00edba, Ciro Gomes abre portas do PDT para Jo\u00e3o Azev\u00eado"},"content":{"rendered":"\n<p>Ap\u00f3s Marina Silva (Rede), mais um ex-presidenci\u00e1vel manifestou interesse de contar com o governador da Para\u00edba, Jo\u00e3o Azev\u00eado (PSB), em seu partido. Agora foi a vez de Ciro Gomes, do PDT que concedeu entrevista ontem (18) em Cajazeiras no Sert\u00e3o paraibano, ao portal&nbsp;<strong>Di\u00e1rio do Sert\u00e3o<\/strong>. O pedetista tamb\u00e9m falou da sua proximidade com o ex-governador Ricardo Coutinho (PSB).<\/p>\n\n\n\n<p>\u201cJo\u00e3o Azev\u00eado era o bra\u00e7o direito dessa grande virada que a Para\u00edba experimentou com Ricardo Coutinho. \u00c9 um quadro que honraria qualquer partido e n\u00f3s do PDT ficar\u00edamos honrados\u201d, afirmou Ciro em entrevista.<\/p>\n\n\n\n<p>O ex-governador do Cear\u00e1 disse, por\u00e9m, que cabe a vice-governadora L\u00edgia Feliciano e o deputado federal Dami\u00e3o Feliciano conduzir uma eventual filia\u00e7\u00e3o de Azev\u00eado. \u201cUm homem da grandeza de Azev\u00eado n\u00e3o pode ser coagido, pressionado ou aliciado. Ele tem a responsabilidade de governar esse estado irm\u00e3o, tem feito um grande trabalho, tenho acompanhado muito de perto. A L\u00edgia e o Dami\u00e3o tem a capacidade de conduzir o di\u00e1logo juntamente com o [Carlos, presidente nacional do PDT] Lupi\u201d, pontuou.<\/p>\n\n\n\n<figure><iframe data-src=\"http:\/\/www.youtube.com\/embed\/LcOVaLBgoG4?version=3&amp;rel=1&amp;fs=1&amp;autohide=2&amp;showsearch=0&amp;showinfo=1&amp;iv_load_policy=1&amp;wmode=transparent\" allowfullscreen=\"true\" src=\"data:image\/svg+xml;base64,PHN2ZyB3aWR0aD0iMSIgaGVpZ2h0PSIxIiB4bWxucz0iaHR0cDovL3d3dy53My5vcmcvMjAwMC9zdmciPjwvc3ZnPg==\" class=\"lazyload\" data-load-mode=\"1\"><\/iframe><\/figure>\n\n\n\n<p><strong>Di\u00e1rio do Sert\u00e3o<\/strong><\/p>\n","protected":false},"excerpt":{"rendered":"<p>Ap\u00f3s Marina Silva (Rede), mais um ex-presidenci\u00e1vel manifestou interesse de contar com o governador da Para\u00edba, Jo\u00e3o Azev\u00eado (PSB), em seu partido. Agora foi a&hellip; <\/p>\n","protected":false},"author":1,"featured_media":45231,"comment_status":"closed","ping_status":"closed","sticky":false,"template":"","format":"standard","meta":{"sfsi_plus_gutenberg_text_before_share":"","sfsi_plus_gutenberg_show_text_before_share":"","sfsi_plus_gutenberg_icon_type":"","sfsi_plus_gutenberg_icon_alignemt":"","sfsi_plus_gutenburg_max_per_row":"","footnotes":""},"categories":[11],"tags":[],"class_list":["post-136916","post","type-post","status-publish","format-standard","has-post-thumbnail","hentry","category-politica"],"_links":{"self":[{"href":"https:\/\/www.caririemacao.com\/1\/wp-json\/wp\/v2\/posts\/136916","targetHints":{"allow":["GET"]}}],"collection":[{"href":"https:\/\/www.caririemacao.com\/1\/wp-json\/wp\/v2\/posts"}],"about":[{"href":"https:\/\/www.caririemacao.com\/1\/wp-json\/wp\/v2\/types\/post"}],"author":[{"embeddable":true,"href":"https:\/\/www.caririemacao.com\/1\/wp-json\/wp\/v2\/users\/1"}],"replies":[{"embeddable":true,"href":"https:\/\/www.caririemacao.com\/1\/wp-json\/wp\/v2\/comments?post=136916"}],"version-history":[{"count":1,"href":"https:\/\/www.caririemacao.com\/1\/wp-json\/wp\/v2\/posts\/136916\/revisions"}],"predecessor-version":[{"id":136918,"href":"https:\/\/www.caririemacao.com\/1\/wp-json\/wp\/v2\/posts\/136916\/revisions\/136918"}],"wp:featuredmedia":[{"embeddable":true,"href":"https:\/\/www.caririemacao.com\/1\/wp-json\/wp\/v2\/media\/45231"}],"wp:attachment":[{"href":"https:\/\/www.caririemacao.com\/1\/wp-json\/wp\/v2\/media?parent=136916"}],"wp:term":[{"taxonomy":"category","embeddable":true,"href":"https:\/\/www.caririemacao.com\/1\/wp-json\/wp\/v2\/categories?post=136916"},{"taxonomy":"post_tag","embeddable":true,"href":"https:\/\/www.caririemacao.com\/1\/wp-json\/wp\/v2\/tags?post=136916"}],"curies":[{"name":"wp","href":"https:\/\/api.w.org\/{rel}","templated":true}]}}