{"id":136935,"date":"2019-11-20T15:32:20","date_gmt":"2019-11-20T18:32:20","guid":{"rendered":"http:\/\/www.caririemacao.com\/1\/?p=136935"},"modified":"2019-11-20T15:32:20","modified_gmt":"2019-11-20T18:32:20","slug":"apesar-da-inclusao-populacao-preta-e-parda-nao-se-ve-representada","status":"publish","type":"post","link":"https:\/\/www.caririemacao.com\/1\/2019\/11\/20\/apesar-da-inclusao-populacao-preta-e-parda-nao-se-ve-representada\/","title":{"rendered":"Apesar da inclus\u00e3o, popula\u00e7\u00e3o preta e parda n\u00e3o se v\u00ea representada"},"content":{"rendered":"\n<p>O Brasil atingiu um indicador in\u00e9dito em 2019: pela primeira vez, pessoas que se identificam como pretas ou pardas superaram os autodeclarados brancos nas universidades federais. De acordo com a pesquisa Desigualdades Sociais por Cor ou Ra\u00e7a Brasil, feita pelo Instituto Brasileiro de Geografia e Estat\u00edstica (IBGE), os pretos ou pardos somam 50,3% dos alunos regularmente matriculados no ensino superior p\u00fablico.<\/p>\n\n\n\n<p>Os dados, por\u00e9m, n\u00e3o refletem necessariamente a percep\u00e7\u00e3o dos negros em rela\u00e7\u00e3o a acesso ao espa\u00e7o universit\u00e1rio. \u201cEu acho que a semana da Consci\u00eancia Negra est\u00e1 a\u00ed exatamente para provar que esses dados n\u00e3o s\u00e3o verdadeiros. Eu, pessoalmente, n\u00e3o acredito em not\u00edcias assim. \u00c9 pura desinforma\u00e7\u00e3o\u201d, afirma Filipe Davi Cardoso dos Santos, estudante de filosofia da Universidade de Bras\u00edlia (UnB).<\/p>\n\n\n\n<p>A pesquisa mostra que pode haver motivo para Filipe n\u00e3o perceber o avan\u00e7o. Apesar do n\u00famero de estudantes dessa parcela populacional ter aumentado, o abandono dos cursos ainda \u00e9 alto &#8211; 28,8% desses alunos n\u00e3o chegar\u00e3o a gradua\u00e7\u00e3o.<\/p>\n\n\n\n<h2 class=\"wp-block-heading\">Semana da Consci\u00eancia Negra<\/h2>\n\n\n\n<p>A&nbsp;<strong>Ag\u00eancia Brasil<\/strong>&nbsp;coletou depoimentos de estudantes sobre a percep\u00e7\u00e3o geral sobre o ensino superior no Brasil e sobre a Semana da Consci\u00eancia Negra. Assista abaixo:<\/p>\n\n\n\n<figure><iframe allowfullscreen=\"\" data-src=\"https:\/\/www.youtube.com\/embed\/jRiZt5QXiCU\" src=\"data:image\/svg+xml;base64,PHN2ZyB3aWR0aD0iMSIgaGVpZ2h0PSIxIiB4bWxucz0iaHR0cDovL3d3dy53My5vcmcvMjAwMC9zdmciPjwvc3ZnPg==\" class=\"lazyload\" data-load-mode=\"1\"><\/iframe><\/figure>\n\n\n\n<h2 class=\"wp-block-heading\">Homic\u00eddios<\/h2>\n\n\n\n<p>O estudo mostra, ainda, que as dificuldades da popula\u00e7\u00e3o preta ou parda v\u00e3o al\u00e9m do acesso ao estudo superior. A taxa de homic\u00eddios nesse grupo, na faixa et\u00e1ria de 15 a 29 anos, \u00e9 de 98,5 por 100 mil habitantes. Pessoas da mesma faixa et\u00e1ria que se identificam como brancas contabilizaram 34 homic\u00eddios por 100 mil. \u201cSomos uma popula\u00e7\u00e3o constantemente amea\u00e7ada. Sofremos com a viol\u00eancia urbana e a viol\u00eancia dom\u00e9stica. O nosso sangue ajudou a fundar esse pa\u00eds. E ainda assim as pessoas pretas n\u00e3o t\u00eam pol\u00edticas p\u00fablicas necess\u00e1rias para nos tirar da margem da sociedade\u201d, afirma a estudante de Ci\u00eancias Sociais Ramara Catarine da Silva.<\/p>\n\n\n\n<h2 class=\"wp-block-heading\">Representatividade<\/h2>\n\n\n\n<p>A popula\u00e7\u00e3o preta ou parda &#8211; correspondente a 55,8% dos brasileiros &#8211; n\u00e3o elege pessoas da mesma cor. Na esfera federal, 24,4% dos deputados eleitos se declaram pretos ou pardos. O cen\u00e1rio se repete nos estados: 28,9% dos representantes p\u00fablicos pertencem ao grupo demogr\u00e1fico majorit\u00e1rio. &#8220;Esses indicadores de representa\u00e7\u00e3o s\u00e3o importantes para monitorar como os grupos minorit\u00e1rios se inserem em espa\u00e7o de tomada de decis\u00e3o&#8221;, afirmou a analista de Popula\u00e7\u00e3o e Indicadores Sociais do IBGE, Luanda Botelho.<\/p>\n","protected":false},"excerpt":{"rendered":"<p>O Brasil atingiu um indicador in\u00e9dito em 2019: pela primeira vez, pessoas que se identificam como pretas ou pardas superaram os autodeclarados brancos nas universidades&hellip; <\/p>\n","protected":false},"author":1,"featured_media":53422,"comment_status":"closed","ping_status":"closed","sticky":false,"template":"","format":"standard","meta":{"sfsi_plus_gutenberg_text_before_share":"","sfsi_plus_gutenberg_show_text_before_share":"","sfsi_plus_gutenberg_icon_type":"","sfsi_plus_gutenberg_icon_alignemt":"","sfsi_plus_gutenburg_max_per_row":"","footnotes":""},"categories":[2],"tags":[],"class_list":["post-136935","post","type-post","status-publish","format-standard","has-post-thumbnail","hentry","category-geral"],"_links":{"self":[{"href":"https:\/\/www.caririemacao.com\/1\/wp-json\/wp\/v2\/posts\/136935","targetHints":{"allow":["GET"]}}],"collection":[{"href":"https:\/\/www.caririemacao.com\/1\/wp-json\/wp\/v2\/posts"}],"about":[{"href":"https:\/\/www.caririemacao.com\/1\/wp-json\/wp\/v2\/types\/post"}],"author":[{"embeddable":true,"href":"https:\/\/www.caririemacao.com\/1\/wp-json\/wp\/v2\/users\/1"}],"replies":[{"embeddable":true,"href":"https:\/\/www.caririemacao.com\/1\/wp-json\/wp\/v2\/comments?post=136935"}],"version-history":[{"count":1,"href":"https:\/\/www.caririemacao.com\/1\/wp-json\/wp\/v2\/posts\/136935\/revisions"}],"predecessor-version":[{"id":136937,"href":"https:\/\/www.caririemacao.com\/1\/wp-json\/wp\/v2\/posts\/136935\/revisions\/136937"}],"wp:featuredmedia":[{"embeddable":true,"href":"https:\/\/www.caririemacao.com\/1\/wp-json\/wp\/v2\/media\/53422"}],"wp:attachment":[{"href":"https:\/\/www.caririemacao.com\/1\/wp-json\/wp\/v2\/media?parent=136935"}],"wp:term":[{"taxonomy":"category","embeddable":true,"href":"https:\/\/www.caririemacao.com\/1\/wp-json\/wp\/v2\/categories?post=136935"},{"taxonomy":"post_tag","embeddable":true,"href":"https:\/\/www.caririemacao.com\/1\/wp-json\/wp\/v2\/tags?post=136935"}],"curies":[{"name":"wp","href":"https:\/\/api.w.org\/{rel}","templated":true}]}}