{"id":136942,"date":"2019-11-20T15:37:21","date_gmt":"2019-11-20T18:37:21","guid":{"rendered":"http:\/\/www.caririemacao.com\/1\/?p=136942"},"modified":"2019-11-20T15:37:21","modified_gmt":"2019-11-20T18:37:21","slug":"projetos-online-estimulam-combate-a-violencia-contra-a-mulher","status":"publish","type":"post","link":"https:\/\/www.caririemacao.com\/1\/2019\/11\/20\/projetos-online-estimulam-combate-a-violencia-contra-a-mulher\/","title":{"rendered":"Projetos online estimulam combate \u00e0 viol\u00eancia contra a mulher"},"content":{"rendered":"\n<p>Come\u00e7a&nbsp;hoje&nbsp;(20) o per\u00edodo de mobiliza\u00e7\u00f5es denominado &#8220;21 dias de ativismo pelo fim da viol\u00eancia contra as mulheres&#8221;. A jornada tem como objetivo dar visibilidade a iniciativas de combate a esse tipo de pr\u00e1tica. Nos \u00faltimos anos, projetos com esse intuito tamb\u00e9m passaram a ganhar corpo na internet, seja por meio de sites ou de aplicativos.<\/p>\n\n\n\n<p>Um deles \u00e9 o&nbsp;<a href=\"https:\/\/www.queroseracolhida.mapadoacolhimento.org\/\" target=\"_blank\" rel=\"noreferrer noopener\">Mapa do Acolhimento<\/a>, plataforma que coloca em contato mulheres que n\u00e3o podem pagar por apoio psicol\u00f3gico e jur\u00eddico em raz\u00e3o de epis\u00f3dios de viol\u00eancia de g\u00eanero com profissionais volunt\u00e1rios.<\/p>\n\n\n\n<p>A mulher se cadastra na plataforma, indicando o local onde est\u00e1 e o tipo de ajuda desejada. A equipe da plataforma analisa o pleito e coloca a mulher em contato com outras profissionais que podem auxili\u00e1-la. Al\u00e9m disso, o site tamb\u00e9m disponibiliza um mapa de servi\u00e7os e equipamentos p\u00fablicos de atendimento para quem quiser recorrer diretamente a eles. S\u00e3o apresentadas tamb\u00e9m informa\u00e7\u00f5es sobre direitos e indicados canais de den\u00fancia e apoio, como o Disque 180.<\/p>\n\n\n\n<p>Segundo a advogada e articuladora do projeto, Ana Beatri Elkadri, o Mapa do Acolhimento conta com 2,5 mil volunt\u00e1rias atuando em 900 cidades. No total, j\u00e1 foram realizados mais de 4,8 mil atendimentos. As profissionais trocam experi\u00eancias para oferecer um apoio coordenado e integral \u00e0s v\u00edtimas que solicitaram o aux\u00edlio.<\/p>\n\n\n\n<p>\u201cA gente valoriza no nosso projeto a autonomia da mulher, que ela seja protagonista das pr\u00f3prias decis\u00f5es. Quando volunt\u00e1rias v\u00e3o atender, ressaltamos que elas entendam a complexidade, que estejam preparadas para permitir o fortalecimento da mulher e ela tome a decis\u00e3o e se sinta fortalecida para que possa romper o c\u00edrculo da viol\u00eancia\u201d, explica a advogada.<\/p>\n\n\n\n<h2 class=\"wp-block-heading\">Orienta\u00e7\u00f5es e den\u00fancias<\/h2>\n\n\n\n<p>O site&nbsp;<a href=\"https:\/\/www.conexoesquesalvam.com\/\" target=\"_blank\" rel=\"noreferrer noopener\">Conex\u00f5es que Salvam<\/a>&nbsp;tamb\u00e9m re\u00fane diversas informa\u00e7\u00f5es e recomenda\u00e7\u00f5es de locais onde buscar ajuda. A p\u00e1gina auxilia a mulher a saber se sofreu uma viol\u00eancia, com foco nas experi\u00eancias online. Caso a visitante da p\u00e1gina entenda que tenha passado por esse tipo de situa\u00e7\u00e3o, s\u00e3o indicados diversos recursos, como bloquear o agressor nas redes sociais, e canais para realizar den\u00fancias, de boletins de ocorr\u00eancia a plataformas online.<\/p>\n\n\n\n<p>Na p\u00e1gina, h\u00e1 um guia com informa\u00e7\u00f5es sobre como denunciar e sobre a coleta de provas (de imagens das ofensas e mensagens a endere\u00e7os do agressor) e orienta\u00e7\u00f5es a respeito de como registar um boletim de ocorr\u00eancia em uma delegacia, como as de cibercrimes ou especializadas de atendimento \u00e0 mulher, as chamadas Deams.<\/p>\n\n\n\n<p>Um dos canais de den\u00fancia listados \u00e9 o&nbsp;<a href=\"https:\/\/new.safernet.org.br\/\" target=\"_blank\" rel=\"noreferrer noopener\">portal Safernet<\/a>, criado para receber den\u00fancias de crimes na web, entre eles os de viol\u00eancia e discrimina\u00e7\u00e3o contra as mulheres. \u00c9 disponibilizado tamb\u00e9m um canal de orienta\u00e7\u00f5es online por chat ou por e-mail, no qual profissionais realizam atendimentos mantendo o sigilo e a privacidade de quem recorreu ao recurso.<\/p>\n\n\n\n<p>Segundo o instituto respons\u00e1vel pelo portal, entre 2007 e 2018, 4,6 mil pessoas foram atendidas em 27 unidades da federa\u00e7\u00e3o. No balan\u00e7o de 2018, os principais temas que motivaram os pedidos de atendimento por mulheres foram a divulga\u00e7\u00e3o de imagens \u00edntimas na web (449), ofensas e pr\u00e1ticas de cyberbulling (276) e problemas com dados pessoais (115).<\/p>\n\n\n\n<p>O site&nbsp;<a href=\"https:\/\/acoso.online\/br\/\" target=\"_blank\" rel=\"noreferrer noopener\">Ass\u00e9dio Online<\/a>&nbsp;tamb\u00e9m trabalha com orienta\u00e7\u00f5es a mulheres, com foco em casos de viol\u00eancia na internet, como divulga\u00e7\u00e3o de imagens \u00edntimas. Parte de um projeto em diversos pa\u00edses da Am\u00e9rica do Sul e promovido no Brasil pela organiza\u00e7\u00e3o InternetLab, a p\u00e1gina explica como denunciar os epis\u00f3dios a plataformas como Google, Facebook e Twitter e o que \u00e9 importante para levar os casos \u00e0 Justi\u00e7a.<\/p>\n\n\n\n<h2 class=\"wp-block-heading\">Salve Maria<\/h2>\n\n\n\n<p>O combate \u00e0 viol\u00eancia de g\u00eanero tamb\u00e9m deu origem ao desenvolvimento de aplicativos como o&nbsp;Salve Maria (dispon\u00edvel no&nbsp;<a href=\"https:\/\/play.google.com\/store\/apps\/details?id=br.gov.pi.ati.salvemariaapp&amp;hl=pt_BR\" target=\"_blank\" rel=\"noreferrer noopener\">Google Play<\/a>). Criado pelo governo do Piau\u00ed, ele traz tr\u00eas tipos de recursos: oferece informa\u00e7\u00f5es sobre os direitos das mulheres, fornece canais de den\u00fancia que podem ser acessados diretamente e traz um bot\u00e3o do p\u00e2nico que pode ser acionado pela pessoa em situa\u00e7\u00e3o de perigo. O bot\u00e3o aciona uma central de monitoramento onde agentes identificam a demanda e encaminham uma viatura at\u00e9 o local em que a v\u00edtima estiver (a localiza\u00e7\u00e3o \u00e9 feita por meio de georreferenciamento). O agressor pode ser preso em flagrante, com a chegada da Pol\u00edcia Militar.<\/p>\n\n\n\n<p>\u201cO aplicativo funciona desde mar\u00e7o de 2017. Tivemos esta ideia para criar um protocolo sigiloso para otimizar informa\u00e7\u00e3o para a pol\u00edcia. Ele \u00e9 pensado neste vi\u00e9s, para tornar robustas as a\u00e7\u00f5es de combate. A experi\u00eancia tem sido muito positiva. Tem dado certo alinhado a outras a\u00e7\u00f5es de seguran\u00e7a\u201d, relata a sub-secret\u00e1ria de seguran\u00e7a da Secretaria de Seguran\u00e7a P\u00fablica do Governo do Piau\u00ed, Anamelka Cadena.<\/p>\n\n\n\n<h2 class=\"wp-block-heading\">Informa\u00e7\u00e3o e redes<\/h2>\n\n\n\n<p>Para a diretora da organiza\u00e7\u00e3o Internetlab, Mariana Valente, a web&nbsp;pode contribuir com a facilidade de acesso a informa\u00e7\u00f5es sobre direitos e formas de lidar e denunciar casos de viol\u00eancia de g\u00eanero. Ela conta que o projeto Ass\u00e9dio Online, realizado pela entidade no Brasil, nasceu da necessidade de disseminar esse tipo de orienta\u00e7\u00e3o no ambiente virtual. Outro benef\u00edcio da internet, acrescenta, \u00e9 a possibilidade de encontrar e formar redes de apoio e acolhimento, fundamentais em situa\u00e7\u00f5es de viol\u00eancia.<\/p>\n\n\n\n<p>Mariana pondera, entretanto, que ainda h\u00e1 dificuldades das pol\u00edcias para coibir o ass\u00e9dio e a viol\u00eancia contra mulheres nos ambientes virtuais. \u201cDelegacias n\u00e3o t\u00eam intelig\u00eancia para investiga\u00e7\u00e3o dos casos e as de crimes cibern\u00e9ticos em muitas cidades n\u00e3o avaliam esses casos. \u00c9 bastante comum que casos n\u00e3o sejam levados a s\u00e9rio. H\u00e1 uma falta de capacidade t\u00e9cnica e de sensibiliza\u00e7\u00e3o. O mais recomendado \u00e9 ir \u00e0s delegacias da mulher, pela maior sensibilidade para lidar com esse tipo de situa\u00e7\u00e3o\u201d, recomenda.<\/p>\n","protected":false},"excerpt":{"rendered":"<p>Come\u00e7a&nbsp;hoje&nbsp;(20) o per\u00edodo de mobiliza\u00e7\u00f5es denominado &#8220;21 dias de ativismo pelo fim da viol\u00eancia contra as mulheres&#8221;. A jornada tem como objetivo dar visibilidade a&hellip; <\/p>\n","protected":false},"author":1,"featured_media":119178,"comment_status":"closed","ping_status":"closed","sticky":false,"template":"","format":"standard","meta":{"sfsi_plus_gutenberg_text_before_share":"","sfsi_plus_gutenberg_show_text_before_share":"","sfsi_plus_gutenberg_icon_type":"","sfsi_plus_gutenberg_icon_alignemt":"","sfsi_plus_gutenburg_max_per_row":"","footnotes":""},"categories":[2],"tags":[],"class_list":["post-136942","post","type-post","status-publish","format-standard","has-post-thumbnail","hentry","category-geral"],"_links":{"self":[{"href":"https:\/\/www.caririemacao.com\/1\/wp-json\/wp\/v2\/posts\/136942","targetHints":{"allow":["GET"]}}],"collection":[{"href":"https:\/\/www.caririemacao.com\/1\/wp-json\/wp\/v2\/posts"}],"about":[{"href":"https:\/\/www.caririemacao.com\/1\/wp-json\/wp\/v2\/types\/post"}],"author":[{"embeddable":true,"href":"https:\/\/www.caririemacao.com\/1\/wp-json\/wp\/v2\/users\/1"}],"replies":[{"embeddable":true,"href":"https:\/\/www.caririemacao.com\/1\/wp-json\/wp\/v2\/comments?post=136942"}],"version-history":[{"count":1,"href":"https:\/\/www.caririemacao.com\/1\/wp-json\/wp\/v2\/posts\/136942\/revisions"}],"predecessor-version":[{"id":136944,"href":"https:\/\/www.caririemacao.com\/1\/wp-json\/wp\/v2\/posts\/136942\/revisions\/136944"}],"wp:featuredmedia":[{"embeddable":true,"href":"https:\/\/www.caririemacao.com\/1\/wp-json\/wp\/v2\/media\/119178"}],"wp:attachment":[{"href":"https:\/\/www.caririemacao.com\/1\/wp-json\/wp\/v2\/media?parent=136942"}],"wp:term":[{"taxonomy":"category","embeddable":true,"href":"https:\/\/www.caririemacao.com\/1\/wp-json\/wp\/v2\/categories?post=136942"},{"taxonomy":"post_tag","embeddable":true,"href":"https:\/\/www.caririemacao.com\/1\/wp-json\/wp\/v2\/tags?post=136942"}],"curies":[{"name":"wp","href":"https:\/\/api.w.org\/{rel}","templated":true}]}}