{"id":136954,"date":"2019-11-21T02:59:42","date_gmt":"2019-11-21T05:59:42","guid":{"rendered":"http:\/\/www.caririemacao.com\/1\/?p=136954"},"modified":"2019-11-21T02:59:42","modified_gmt":"2019-11-21T05:59:42","slug":"tce-aprova-por-unanimidade-as-contas-do-prefeito-junior-nobrega","status":"publish","type":"post","link":"https:\/\/www.caririemacao.com\/1\/2019\/11\/21\/tce-aprova-por-unanimidade-as-contas-do-prefeito-junior-nobrega\/","title":{"rendered":"TCE aprova por unanimidade as contas do prefeito J\u00fanior N\u00f3brega"},"content":{"rendered":"\n<p>Por unanimidade, as contas do prefeito de Prata, J\u00fanior\nN\u00f3brega, referentes ao exerc\u00edcio do ano 2018, foram aprovadas nesta\nquarta-feira, 20 de novembro, pelo Tribunal de Contas do Estado da Para\u00edba\n(TCE-PB). A an\u00e1lise do TCE foi referente \u00e0 presta\u00e7\u00e3o de contas do terceiro ano,\ndo segundo mandato, do prefeito J\u00fanior N\u00f3brega. <\/p>\n\n\n\n<p>Segundo o prefeito, a gest\u00e3o municipal est\u00e1 voltada para o cumprimento fiel da legisla\u00e7\u00e3o e correta aplica\u00e7\u00e3o dos recursos p\u00fablicos. \u201cPrata vive um novo momento. A popula\u00e7\u00e3o est\u00e1 sendo beneficiada pela correta aplica\u00e7\u00e3o dos recursos p\u00fablicos, mesmo diante de t\u00e3o grande crise financeira. Agrade\u00e7o a toda nossa equipe que vem buscando fazer o correto, buscando sempre a efici\u00eancia da gest\u00e3o&#8221;, agradeceu.<\/p>\n\n\n\n<p>Vale destacar que a contabilidade p\u00fablica da Prefeitura Municipal\nde Prata \u00e9 feita pelo escrit\u00f3rio de Jo\u00e3o Siqueira, sediado em Monteiro\/PB.<\/p>\n","protected":false},"excerpt":{"rendered":"<p>Por unanimidade, as contas do prefeito de Prata, J\u00fanior N\u00f3brega, referentes ao exerc\u00edcio do ano 2018, foram aprovadas nesta quarta-feira, 20 de novembro, pelo Tribunal&hellip; <\/p>\n","protected":false},"author":2,"featured_media":136955,"comment_status":"closed","ping_status":"closed","sticky":false,"template":"","format":"standard","meta":{"sfsi_plus_gutenberg_text_before_share":"","sfsi_plus_gutenberg_show_text_before_share":"","sfsi_plus_gutenberg_icon_type":"","sfsi_plus_gutenberg_icon_alignemt":"","sfsi_plus_gutenburg_max_per_row":"","footnotes":""},"categories":[50,2],"tags":[],"class_list":["post-136954","post","type-post","status-publish","format-standard","has-post-thumbnail","hentry","category-destaque","category-geral"],"_links":{"self":[{"href":"https:\/\/www.caririemacao.com\/1\/wp-json\/wp\/v2\/posts\/136954","targetHints":{"allow":["GET"]}}],"collection":[{"href":"https:\/\/www.caririemacao.com\/1\/wp-json\/wp\/v2\/posts"}],"about":[{"href":"https:\/\/www.caririemacao.com\/1\/wp-json\/wp\/v2\/types\/post"}],"author":[{"embeddable":true,"href":"https:\/\/www.caririemacao.com\/1\/wp-json\/wp\/v2\/users\/2"}],"replies":[{"embeddable":true,"href":"https:\/\/www.caririemacao.com\/1\/wp-json\/wp\/v2\/comments?post=136954"}],"version-history":[{"count":1,"href":"https:\/\/www.caririemacao.com\/1\/wp-json\/wp\/v2\/posts\/136954\/revisions"}],"predecessor-version":[{"id":136956,"href":"https:\/\/www.caririemacao.com\/1\/wp-json\/wp\/v2\/posts\/136954\/revisions\/136956"}],"wp:featuredmedia":[{"embeddable":true,"href":"https:\/\/www.caririemacao.com\/1\/wp-json\/wp\/v2\/media\/136955"}],"wp:attachment":[{"href":"https:\/\/www.caririemacao.com\/1\/wp-json\/wp\/v2\/media?parent=136954"}],"wp:term":[{"taxonomy":"category","embeddable":true,"href":"https:\/\/www.caririemacao.com\/1\/wp-json\/wp\/v2\/categories?post=136954"},{"taxonomy":"post_tag","embeddable":true,"href":"https:\/\/www.caririemacao.com\/1\/wp-json\/wp\/v2\/tags?post=136954"}],"curies":[{"name":"wp","href":"https:\/\/api.w.org\/{rel}","templated":true}]}}