{"id":136957,"date":"2019-11-21T07:26:44","date_gmt":"2019-11-21T10:26:44","guid":{"rendered":"http:\/\/www.caririemacao.com\/1\/?p=136957"},"modified":"2019-11-21T07:26:44","modified_gmt":"2019-11-21T10:26:44","slug":"defesa-de-lula-pede-ao-stf-que-suspenda-julgamento-do-recurso-no-caso-do-sitio-atibaia","status":"publish","type":"post","link":"https:\/\/www.caririemacao.com\/1\/2019\/11\/21\/defesa-de-lula-pede-ao-stf-que-suspenda-julgamento-do-recurso-no-caso-do-sitio-atibaia\/","title":{"rendered":"Defesa de Lula pede ao STF que suspenda julgamento do recurso no caso do s\u00edtio Atibaia"},"content":{"rendered":"\n<p>A defesa do ex-presidente Luiz In\u00e1cio Lula da Silva pediu nesta quarta-feira (20) ao Supremo Tribunal Federal (STF) que suspenda o julgamento do recurso contra a condena\u00e7\u00e3o dele no caso do s\u00edtio de Atibaia. O caso ser\u00e1 analisado pelo ministro Luiz Edson Fachin.<\/p>\n\n\n\n<p>Lula foi condenado em primeira inst\u00e2ncia a 12 anos e 11 meses por corrup\u00e7\u00e3o passiva, corrup\u00e7\u00e3o ativa e lavagem de dinheiro. Os advogados do ex-presidente recorreram ao Tribunal Regional Federal da 4\u00aa Regi\u00e3o (TRF-4), de segunda inst\u00e2ncia, para pedir a absolvi\u00e7\u00e3o. O julgamento est\u00e1 marcado para o pr\u00f3ximo dia 27.<\/p>\n\n\n\n<p>A defesa afirma que \u00e9 preciso suspender o julgamento porque ainda est\u00e1 pendente o julgamento de recursos sobre o processo nos quais os advogados questionam, entre outras quest\u00f5es, o descumprimento do julgamento dos casos no TRF por ordem cronol\u00f3gica.<\/p>\n\n\n\n<p>Recurso no STJ<br>Antes de recorrer ao STF, a defesa j\u00e1 tinha tentado a suspens\u00e3o do julgamento no Superior Tribunal de Justi\u00e7a (STJ).<\/p>\n\n\n\n<p>Nesta ter\u00e7a-feira (19), o ministro Leopoldo Raposo considerou que n\u00e3o havia raz\u00f5es para atender o pedido e manteve o julgamento marcado para a pr\u00f3xima quarta.<\/p>\n\n\n\n<p>Ao STJ, os advogados do ex-presidente Lula argumentaram contra a decis\u00e3o do TRF-4 de pautar tanto o recurso de apela\u00e7\u00e3o do petista quanto a discuss\u00e3o, que dever\u00e1 ser preliminar e separada, sobre a ordem das alega\u00e7\u00f5es finais.<\/p>\n\n\n\n<p>A defesa ressaltou que o recurso principal, que questiona pontos da condena\u00e7\u00e3o, aponta outras circunst\u00e2ncias processuais que podem levar \u00e0 anula\u00e7\u00e3o da condena\u00e7\u00e3o &#8211; ou seja, \u00e9 mais abrangente que a discuss\u00e3o sobre a ordem das alega\u00e7\u00f5es finais.<\/p>\n\n\n\n<p>O ministro considerou que n\u00e3o houve \u201cconstrangimento ilegal\u201d por conta da inclus\u00e3o do tema na pauta. \u201cSe a defesa vislumbra numerosos incidentes processuais que podem gerar a absolvi\u00e7\u00e3o do paciente ou a nulidade total ou parcial do processo, ainda menor raz\u00e3o h\u00e1 que justifique a pretens\u00e3o de protelar o julgamento do recurso de apela\u00e7\u00e3o, que, repise-se, j\u00e1 se encontra apto para aprecia\u00e7\u00e3o\u201d.<\/p>\n\n\n\n<p>Outro pedido de suspens\u00e3o da an\u00e1lise pelo tema tinha sido concedido pelo ministro do STJ, o que tinha provocado o adiamento do julgamento do fim de outubro para o dia 27 de novembro.<\/p>\n","protected":false},"excerpt":{"rendered":"<p>A defesa do ex-presidente Luiz In\u00e1cio Lula da Silva pediu nesta quarta-feira (20) ao Supremo Tribunal Federal (STF) que suspenda o julgamento do recurso contra&hellip; <\/p>\n","protected":false},"author":1,"featured_media":131151,"comment_status":"closed","ping_status":"closed","sticky":false,"template":"","format":"standard","meta":{"sfsi_plus_gutenberg_text_before_share":"","sfsi_plus_gutenberg_show_text_before_share":"","sfsi_plus_gutenberg_icon_type":"","sfsi_plus_gutenberg_icon_alignemt":"","sfsi_plus_gutenburg_max_per_row":"","footnotes":""},"categories":[2],"tags":[],"class_list":["post-136957","post","type-post","status-publish","format-standard","has-post-thumbnail","hentry","category-geral"],"_links":{"self":[{"href":"https:\/\/www.caririemacao.com\/1\/wp-json\/wp\/v2\/posts\/136957","targetHints":{"allow":["GET"]}}],"collection":[{"href":"https:\/\/www.caririemacao.com\/1\/wp-json\/wp\/v2\/posts"}],"about":[{"href":"https:\/\/www.caririemacao.com\/1\/wp-json\/wp\/v2\/types\/post"}],"author":[{"embeddable":true,"href":"https:\/\/www.caririemacao.com\/1\/wp-json\/wp\/v2\/users\/1"}],"replies":[{"embeddable":true,"href":"https:\/\/www.caririemacao.com\/1\/wp-json\/wp\/v2\/comments?post=136957"}],"version-history":[{"count":1,"href":"https:\/\/www.caririemacao.com\/1\/wp-json\/wp\/v2\/posts\/136957\/revisions"}],"predecessor-version":[{"id":136959,"href":"https:\/\/www.caririemacao.com\/1\/wp-json\/wp\/v2\/posts\/136957\/revisions\/136959"}],"wp:featuredmedia":[{"embeddable":true,"href":"https:\/\/www.caririemacao.com\/1\/wp-json\/wp\/v2\/media\/131151"}],"wp:attachment":[{"href":"https:\/\/www.caririemacao.com\/1\/wp-json\/wp\/v2\/media?parent=136957"}],"wp:term":[{"taxonomy":"category","embeddable":true,"href":"https:\/\/www.caririemacao.com\/1\/wp-json\/wp\/v2\/categories?post=136957"},{"taxonomy":"post_tag","embeddable":true,"href":"https:\/\/www.caririemacao.com\/1\/wp-json\/wp\/v2\/tags?post=136957"}],"curies":[{"name":"wp","href":"https:\/\/api.w.org\/{rel}","templated":true}]}}