{"id":136976,"date":"2019-11-21T07:38:06","date_gmt":"2019-11-21T10:38:06","guid":{"rendered":"http:\/\/www.caririemacao.com\/1\/?p=136976"},"modified":"2019-11-21T07:38:06","modified_gmt":"2019-11-21T10:38:06","slug":"familia-reconhece-corpo-de-jovem-encontrada-morta-com-feto-arrancado-em-santa-rita","status":"publish","type":"post","link":"https:\/\/www.caririemacao.com\/1\/2019\/11\/21\/familia-reconhece-corpo-de-jovem-encontrada-morta-com-feto-arrancado-em-santa-rita\/","title":{"rendered":"Fam\u00edlia reconhece corpo de jovem encontrada morta com feto arrancado em Santa Rita"},"content":{"rendered":"\n<p>O Instituto de Pol\u00edcia Cient\u00edfica (IPC) identificou o corpo de uma mulher morta encontrado na manh\u00e3 desta quarta-feira (30), \u00e0s margens da BR-230, na altura do km 45, em Santa Rita, na regi\u00e3o metropolitana de Jo\u00e3o Pessoa.<\/p>\n\n\n\n<p>Ela foi identificada como Gessica da Silva, 27 anos. Ela estava gr\u00e1vida de seis meses e o feto foi encontrado pr\u00f3ximo ao corpo.<\/p>\n\n\n\n<p>A per\u00edcia encontrou arame farpado no pesco\u00e7o da v\u00edtima e supostas perfura\u00e7\u00f5es de arma de fogo. Uma faca tamb\u00e9m foi encontrada sobre o corpo.<\/p>\n\n\n\n<p>De acordo com o delegado Diego Garcia ao ClickPB, a v\u00edtima teve a barriga cortada e o feto extra\u00eddo. Ela pode ter sido v\u00edtima de homic\u00eddio, e o corpo abandonado no local.<\/p>\n\n\n\n<p><strong>LEIA MAIS<\/strong>:&nbsp;<a href=\"https:\/\/www.clickpb.com.br\/Policial\/corpo-de-mulher-e-encontrado-em-decomposicao-com-feto-arrancado-margens-de-rodovia-na-pb-272350.html\">Corpo de mulher \u00e9 encontrado em decomposi\u00e7\u00e3o com feto arrancado \u00e0s margens de rodovia na PB<\/a><br><\/p>\n\n\n\n<p>Nos bolsos da v\u00edtima foram encontrados ainda preservativos e um cachimbo para consumo de crack.<\/p>\n\n\n\n<p>A fam\u00edlia da v\u00edtima esteve no local durante a tarde e fez o reconhecimento. Eles informaram que ela estava desaparecida desde o domingo (17).<\/p>\n\n\n\n<p>At\u00e9 o momento n\u00e3o h\u00e1 informa\u00e7\u00e3o sobre o que teria motivado o crime.&nbsp;<\/p>\n\n\n\n<p>O caso est\u00e1 sob investiga\u00e7\u00e3o da Pol\u00edcia Civil.<\/p>\n","protected":false},"excerpt":{"rendered":"<p>O Instituto de Pol\u00edcia Cient\u00edfica (IPC) identificou o corpo de uma mulher morta encontrado na manh\u00e3 desta quarta-feira (30), \u00e0s margens da BR-230, na altura&hellip; <\/p>\n","protected":false},"author":1,"featured_media":112264,"comment_status":"closed","ping_status":"closed","sticky":false,"template":"","format":"standard","meta":{"sfsi_plus_gutenberg_text_before_share":"","sfsi_plus_gutenberg_show_text_before_share":"","sfsi_plus_gutenberg_icon_type":"","sfsi_plus_gutenberg_icon_alignemt":"","sfsi_plus_gutenburg_max_per_row":"","footnotes":""},"categories":[12],"tags":[],"class_list":["post-136976","post","type-post","status-publish","format-standard","has-post-thumbnail","hentry","category-policia"],"_links":{"self":[{"href":"https:\/\/www.caririemacao.com\/1\/wp-json\/wp\/v2\/posts\/136976","targetHints":{"allow":["GET"]}}],"collection":[{"href":"https:\/\/www.caririemacao.com\/1\/wp-json\/wp\/v2\/posts"}],"about":[{"href":"https:\/\/www.caririemacao.com\/1\/wp-json\/wp\/v2\/types\/post"}],"author":[{"embeddable":true,"href":"https:\/\/www.caririemacao.com\/1\/wp-json\/wp\/v2\/users\/1"}],"replies":[{"embeddable":true,"href":"https:\/\/www.caririemacao.com\/1\/wp-json\/wp\/v2\/comments?post=136976"}],"version-history":[{"count":1,"href":"https:\/\/www.caririemacao.com\/1\/wp-json\/wp\/v2\/posts\/136976\/revisions"}],"predecessor-version":[{"id":136978,"href":"https:\/\/www.caririemacao.com\/1\/wp-json\/wp\/v2\/posts\/136976\/revisions\/136978"}],"wp:featuredmedia":[{"embeddable":true,"href":"https:\/\/www.caririemacao.com\/1\/wp-json\/wp\/v2\/media\/112264"}],"wp:attachment":[{"href":"https:\/\/www.caririemacao.com\/1\/wp-json\/wp\/v2\/media?parent=136976"}],"wp:term":[{"taxonomy":"category","embeddable":true,"href":"https:\/\/www.caririemacao.com\/1\/wp-json\/wp\/v2\/categories?post=136976"},{"taxonomy":"post_tag","embeddable":true,"href":"https:\/\/www.caririemacao.com\/1\/wp-json\/wp\/v2\/tags?post=136976"}],"curies":[{"name":"wp","href":"https:\/\/api.w.org\/{rel}","templated":true}]}}