{"id":136983,"date":"2019-11-21T07:40:27","date_gmt":"2019-11-21T10:40:27","guid":{"rendered":"http:\/\/www.caririemacao.com\/1\/?p=136983"},"modified":"2019-11-21T07:40:27","modified_gmt":"2019-11-21T10:40:27","slug":"pagamento-do-13o-do-bolsa-familia-esta-garantido-diz-porta-voz","status":"publish","type":"post","link":"https:\/\/www.caririemacao.com\/1\/2019\/11\/21\/pagamento-do-13o-do-bolsa-familia-esta-garantido-diz-porta-voz\/","title":{"rendered":"Pagamento do 13\u00ba do Bolsa Fam\u00edlia est\u00e1 garantido, diz porta-voz"},"content":{"rendered":"\n<p><br>O porta-voz da Presid\u00eancia da Rep\u00fablica, Ot\u00e1vio R\u00eago Barros, afirmou hoje (20) que o pagamento do benef\u00edcio extra do Bolsa Fam\u00edlia, a ser creditado em dezembro, est\u00e1 totalmente garantido.<\/p>\n\n\n\n<p>&#8220;Eu conversei com o ministro Osmar Terra [Cidadania], ele esclareceu algumas informa\u00e7\u00f5es equivocadas em rela\u00e7\u00e3o ao pagamento do 13\u00ba. Os recursos financeiros existentes s\u00e3o suficientes para arcar com os pagamentos que t\u00eam in\u00edcio previsto para 11 de dezembro&#8221;, disse R\u00eago Barros. O porta-voz disse que o pr\u00f3prio Minist\u00e9rio da Cidadania poderia esclarecer a fonte dos recursos. Caso a reserva do programa Bolsa Fam\u00edlia seja insuficiente, o pr\u00f3prio minist\u00e9rio pode remanejar dinheiro de outras \u00e1reas.&nbsp;&nbsp;<\/p>\n\n\n\n<p>A declara\u00e7\u00e3o foi em resposta \u00e0 uma reportagem do jornal Folha de S. Paulo, que apontou insufici\u00eancia de recursos na dota\u00e7\u00e3o or\u00e7ament\u00e1ria do programa, que \u00e9 vinculado ao Minist\u00e9rio da Cidadania. Mais cedo, em sua conta no Twitter, o presidente Bolsonaro classificou a reportagem como mentira e&nbsp;<em>fake news<\/em>.<\/p>\n\n\n\n<p><a href=\"http:\/\/agenciabrasil.ebc.com.br\/geral\/noticia\/2019-10\/Bolsonaro-assina-MP-que-concede-13-pagamento-do-Bolsa-Familia\" target=\"_blank\" rel=\"noreferrer noopener\">Promessa de campanha<\/a>&nbsp;eleitoral de Bolsonaro, o pagamento da 13\u00aa parcela do Bolsa Fam\u00edlia a todos os benefici\u00e1rios do programa foi anunciada em outubro, com a edi\u00e7\u00e3o da&nbsp;<a href=\"http:\/\/www.planalto.gov.br\/ccivil_03\/_ato2019-2022\/2019\/Mpv\/mpv898.htm\" target=\"_blank\" rel=\"noreferrer noopener\">Medida Provis\u00f3ria (MP) N\u00ba 898<\/a>. O adicional totaliza uma inje\u00e7\u00e3o extra de R$ 2,58 bilh\u00f5es na economia.<\/p>\n\n\n\n<p>O Bolsa Fam\u00edlia atende atualmente cerca de 13,5 milh\u00f5es de fam\u00edlias que vivem em situa\u00e7\u00e3o de extrema pobreza, com renda per capita de at\u00e9 R$ 89 mensais, e de pobreza, com renda entre R$ 89,01 e R$ 178 mensais por membro. O benef\u00edcio m\u00e9dio pago a cada fam\u00edlia \u00e9 de R$ 189,21.<\/p>\n","protected":false},"excerpt":{"rendered":"<p>O porta-voz da Presid\u00eancia da Rep\u00fablica, Ot\u00e1vio R\u00eago Barros, afirmou hoje (20) que o pagamento do benef\u00edcio extra do Bolsa Fam\u00edlia, a ser creditado em&hellip; <\/p>\n","protected":false},"author":1,"featured_media":43180,"comment_status":"closed","ping_status":"closed","sticky":false,"template":"","format":"standard","meta":{"sfsi_plus_gutenberg_text_before_share":"","sfsi_plus_gutenberg_show_text_before_share":"","sfsi_plus_gutenberg_icon_type":"","sfsi_plus_gutenberg_icon_alignemt":"","sfsi_plus_gutenburg_max_per_row":"","footnotes":""},"categories":[2],"tags":[],"class_list":["post-136983","post","type-post","status-publish","format-standard","has-post-thumbnail","hentry","category-geral"],"_links":{"self":[{"href":"https:\/\/www.caririemacao.com\/1\/wp-json\/wp\/v2\/posts\/136983","targetHints":{"allow":["GET"]}}],"collection":[{"href":"https:\/\/www.caririemacao.com\/1\/wp-json\/wp\/v2\/posts"}],"about":[{"href":"https:\/\/www.caririemacao.com\/1\/wp-json\/wp\/v2\/types\/post"}],"author":[{"embeddable":true,"href":"https:\/\/www.caririemacao.com\/1\/wp-json\/wp\/v2\/users\/1"}],"replies":[{"embeddable":true,"href":"https:\/\/www.caririemacao.com\/1\/wp-json\/wp\/v2\/comments?post=136983"}],"version-history":[{"count":1,"href":"https:\/\/www.caririemacao.com\/1\/wp-json\/wp\/v2\/posts\/136983\/revisions"}],"predecessor-version":[{"id":136985,"href":"https:\/\/www.caririemacao.com\/1\/wp-json\/wp\/v2\/posts\/136983\/revisions\/136985"}],"wp:featuredmedia":[{"embeddable":true,"href":"https:\/\/www.caririemacao.com\/1\/wp-json\/wp\/v2\/media\/43180"}],"wp:attachment":[{"href":"https:\/\/www.caririemacao.com\/1\/wp-json\/wp\/v2\/media?parent=136983"}],"wp:term":[{"taxonomy":"category","embeddable":true,"href":"https:\/\/www.caririemacao.com\/1\/wp-json\/wp\/v2\/categories?post=136983"},{"taxonomy":"post_tag","embeddable":true,"href":"https:\/\/www.caririemacao.com\/1\/wp-json\/wp\/v2\/tags?post=136983"}],"curies":[{"name":"wp","href":"https:\/\/api.w.org\/{rel}","templated":true}]}}