{"id":136988,"date":"2019-11-21T07:42:38","date_gmt":"2019-11-21T10:42:38","guid":{"rendered":"http:\/\/www.caririemacao.com\/1\/?p=136988"},"modified":"2019-11-21T07:42:38","modified_gmt":"2019-11-21T10:42:38","slug":"final-do-carioca-sub-20-termina-com-acusacao-de-racismo","status":"publish","type":"post","link":"https:\/\/www.caririemacao.com\/1\/2019\/11\/21\/final-do-carioca-sub-20-termina-com-acusacao-de-racismo\/","title":{"rendered":"Final do Carioca Sub-20 termina com acusa\u00e7\u00e3o de racismo"},"content":{"rendered":"\n<p>Em pleno feriado da Consci\u00eancia Negra, dentro do Est\u00e1dio do Vasco em S\u00e3o Janu\u00e1rio, primeiro clube a abrir as portas aos negros no futebol, o goleiro Hugo Souza, do Flamengo, diz&nbsp;ter&nbsp;sido v\u00edtima de uma ofensa racial.<\/p>\n\n\n\n<p>&#8220;Na verdade, eu n\u00e3o consegui identificar. Foi mais de uma vez&#8221;, afirmou o jogador.Audio Player00:0000:00<strong>Ou\u00e7a na R\u00e1dio Nacional<\/strong><\/p>\n\n\n\n<p>O grito de &#8220;macaco&#8221;, segundo Hugo, aconteceu no final da decis\u00e3o do Campeonato Carioca, disputado por Flamengo e Vasco, em S\u00e3o Janu\u00e1rio.<\/p>\n\n\n\n<p>&#8220;\u00c9 inadmiss\u00edvel, inacredit\u00e1vel. Por que o Vasco \u00e9 uma grande equipe&#8221;, disse.<\/p>\n\n\n\n<p>O Vasco ainda n\u00e3o se posicionou oficialmente&nbsp;e deve aguardar a s\u00famula do \u00e1rbitro.&nbsp;<\/p>\n\n\n\n<p>A partida terminou empatada em 1 a 1, mas como o Flamengo tinha vencido o primeiro jogo, sagrou-se bicampe\u00e3o carioca sub-20. O time carioca tamb\u00e9m est\u00e1 na final do&nbsp;Brasileir\u00e3o da categoria&nbsp;contra o Palmeiras.<\/p>\n","protected":false},"excerpt":{"rendered":"<p>Em pleno feriado da Consci\u00eancia Negra, dentro do Est\u00e1dio do Vasco em S\u00e3o Janu\u00e1rio, primeiro clube a abrir as portas aos negros no futebol, o&hellip; <\/p>\n","protected":false},"author":1,"featured_media":114335,"comment_status":"closed","ping_status":"closed","sticky":false,"template":"","format":"standard","meta":{"sfsi_plus_gutenberg_text_before_share":"","sfsi_plus_gutenberg_show_text_before_share":"","sfsi_plus_gutenberg_icon_type":"","sfsi_plus_gutenberg_icon_alignemt":"","sfsi_plus_gutenburg_max_per_row":"","footnotes":""},"categories":[2],"tags":[],"class_list":["post-136988","post","type-post","status-publish","format-standard","has-post-thumbnail","hentry","category-geral"],"_links":{"self":[{"href":"https:\/\/www.caririemacao.com\/1\/wp-json\/wp\/v2\/posts\/136988","targetHints":{"allow":["GET"]}}],"collection":[{"href":"https:\/\/www.caririemacao.com\/1\/wp-json\/wp\/v2\/posts"}],"about":[{"href":"https:\/\/www.caririemacao.com\/1\/wp-json\/wp\/v2\/types\/post"}],"author":[{"embeddable":true,"href":"https:\/\/www.caririemacao.com\/1\/wp-json\/wp\/v2\/users\/1"}],"replies":[{"embeddable":true,"href":"https:\/\/www.caririemacao.com\/1\/wp-json\/wp\/v2\/comments?post=136988"}],"version-history":[{"count":1,"href":"https:\/\/www.caririemacao.com\/1\/wp-json\/wp\/v2\/posts\/136988\/revisions"}],"predecessor-version":[{"id":136990,"href":"https:\/\/www.caririemacao.com\/1\/wp-json\/wp\/v2\/posts\/136988\/revisions\/136990"}],"wp:featuredmedia":[{"embeddable":true,"href":"https:\/\/www.caririemacao.com\/1\/wp-json\/wp\/v2\/media\/114335"}],"wp:attachment":[{"href":"https:\/\/www.caririemacao.com\/1\/wp-json\/wp\/v2\/media?parent=136988"}],"wp:term":[{"taxonomy":"category","embeddable":true,"href":"https:\/\/www.caririemacao.com\/1\/wp-json\/wp\/v2\/categories?post=136988"},{"taxonomy":"post_tag","embeddable":true,"href":"https:\/\/www.caririemacao.com\/1\/wp-json\/wp\/v2\/tags?post=136988"}],"curies":[{"name":"wp","href":"https:\/\/api.w.org\/{rel}","templated":true}]}}