{"id":136991,"date":"2019-11-21T07:46:19","date_gmt":"2019-11-21T10:46:19","guid":{"rendered":"http:\/\/www.caririemacao.com\/1\/?p=136991"},"modified":"2019-11-21T07:46:19","modified_gmt":"2019-11-21T10:46:19","slug":"bolsonaro-vai-participar-de-ato-de-fundacao-de-novo-partido","status":"publish","type":"post","link":"https:\/\/www.caririemacao.com\/1\/2019\/11\/21\/bolsonaro-vai-participar-de-ato-de-fundacao-de-novo-partido\/","title":{"rendered":"Bolsonaro vai participar de ato de funda\u00e7\u00e3o de novo partido"},"content":{"rendered":"\n<p>O presidente Jair Bolsonaro participa, na manh\u00e3 desta quinta-feira (21), em Bras\u00edlia, do evento de lan\u00e7amento do partido Alian\u00e7a pelo Brasil. A atividade ocorrer\u00e1 em um hotel da capital, pr\u00f3ximo ao Pal\u00e1cio do Alvorada.<\/p>\n\n\n\n<p>Na semana passada, Bolsonaro&nbsp;<a href=\"http:\/\/agenciabrasil.ebc.com.br\/politica\/noticia\/2019-11\/bolsonaro-anuncia-saida-do-psl-e-criacao-da-alianca-pelo-brasil\" target=\"_blank\" rel=\"noreferrer noopener\">anunciou a sa\u00edda<\/a>&nbsp;do PSL, partido pelo qual foi eleito, e a cria\u00e7\u00e3o de outra legenda, a Alian\u00e7a pelo Brasil. Ontem, Bolsonaro&nbsp;<a href=\"http:\/\/agenciabrasil.ebc.com.br\/politica\/noticia\/2019-11\/bolsonaro-assinou-carta-de-desfiliacao-do-psl-anuncia-advogada\" target=\"_blank\" rel=\"noreferrer noopener\">assinou sua desfilia\u00e7\u00e3o<\/a>&nbsp;do partido.<\/p>\n\n\n\n<p>O grupo pol\u00edtico mais pr\u00f3ximo a Bolsonaro, al\u00e9m dele pr\u00f3prio, vinham se desentendendo, nos \u00faltimos meses, com o fundador e presidente nacional da legenda, o deputado federal Luciano Bivar (PE). Al\u00e9m de marcar a funda\u00e7\u00e3o do novo partido, o evento de amanh\u00e3, batizado de 1\u00aa Conven\u00e7\u00e3o Nacional da Alian\u00e7a pelo Brasil, vai apresentar o estatuto e o programa do partido.<\/p>\n\n\n\n<p>Para ser registrado oficialmente e poder disputar elei\u00e7\u00f5es, ainda ser\u00e1 necess\u00e1ria a coleta de 500 mil assinaturas, em pelo menos nove estados. As rubricas precisam ser validadas, uma a uma, pelo Tribunal Superior Eleitoral (TSE).<\/p>\n\n\n\n<p>O prazo para que o partido seja registrado no TSE a tempo de disputar as elei\u00e7\u00f5es municipais de 2020 \u00e9 apertado, termina em mar\u00e7o do ano que vem. A expectativa \u00e9 de que o presidente da Rep\u00fablica possa ser o principal fator de mobiliza\u00e7\u00e3o para a coleta de assinaturas.<\/p>\n\n\n\n<p>&#8220;N\u00f3s acreditamos que [a coleta de assinaturas] n\u00e3o vai ser uma dificuldade para n\u00f3s, uma vez que o presidente mobiliza rapidamente milh\u00f5es de pessoas, e a gente conseguiria um n\u00famero consider\u00e1vel de assinaturas em um per\u00edodo curto de prazo&#8221;, afirmou o deputado federal Filipe Barros (PSL-PR), que integra o grupo de parlamentares fiel ao presidente.<\/p>\n\n\n\n<p>Segundo o porta-voz da Presid\u00eancia da Rep\u00fablica, Ot\u00e1vio R\u00eago Barros, Bolsonaro est\u00e1 disposto at\u00e9 a viajar pelo pa\u00eds para ajudar no processo de coleta de apoio em favor da cria\u00e7\u00e3o do partido.<\/p>\n\n\n\n<p>&#8220;A partir dessa lideran\u00e7a, talvez ele tenha que se fazer presente em alguns locais, para fortalecer, como eu disse inicialmente, pela sua presen\u00e7a, o pr\u00f3prio partido&#8221;, afirmou em coletiva de imprensa na noite desta quarta-feira (20).<\/p>\n\n\n\n<p>Cotado para assumir a presid\u00eancia nacional da Alian\u00e7a pelo Brasil, Bolsonaro ainda avalia a viabilidade de comandar o partido e o governo federal ao mesmo tempo. &#8220;Existe, a bem da verdade, uma dificuldade reconhecida pelo presidente, de exercer o Poder Executivo e, ao mesmo tempo, exercer a lideran\u00e7a desse novo partido. Ent\u00e3o, o presidente est\u00e1 a analisar essa eventual diverg\u00eancia, mas eu refor\u00e7o: [ele] est\u00e1 prontamente disposto a colocar-se a liderar esse processo&#8221;, afirmou R\u00eago Barros.<\/p>\n\n\n\n<p>Segunda maior bancada parlamentar na C\u00e2mara dos Deputados, o PSL conta com 53 deputados. No Senado, a legenda possui tr\u00eas integrantes.<\/p>\n","protected":false},"excerpt":{"rendered":"<p>O presidente Jair Bolsonaro participa, na manh\u00e3 desta quinta-feira (21), em Bras\u00edlia, do evento de lan\u00e7amento do partido Alian\u00e7a pelo Brasil. A atividade ocorrer\u00e1 em&hellip; <\/p>\n","protected":false},"author":1,"featured_media":135566,"comment_status":"closed","ping_status":"closed","sticky":false,"template":"","format":"standard","meta":{"sfsi_plus_gutenberg_text_before_share":"","sfsi_plus_gutenberg_show_text_before_share":"","sfsi_plus_gutenberg_icon_type":"","sfsi_plus_gutenberg_icon_alignemt":"","sfsi_plus_gutenburg_max_per_row":"","footnotes":""},"categories":[11],"tags":[],"class_list":["post-136991","post","type-post","status-publish","format-standard","has-post-thumbnail","hentry","category-politica"],"_links":{"self":[{"href":"https:\/\/www.caririemacao.com\/1\/wp-json\/wp\/v2\/posts\/136991","targetHints":{"allow":["GET"]}}],"collection":[{"href":"https:\/\/www.caririemacao.com\/1\/wp-json\/wp\/v2\/posts"}],"about":[{"href":"https:\/\/www.caririemacao.com\/1\/wp-json\/wp\/v2\/types\/post"}],"author":[{"embeddable":true,"href":"https:\/\/www.caririemacao.com\/1\/wp-json\/wp\/v2\/users\/1"}],"replies":[{"embeddable":true,"href":"https:\/\/www.caririemacao.com\/1\/wp-json\/wp\/v2\/comments?post=136991"}],"version-history":[{"count":1,"href":"https:\/\/www.caririemacao.com\/1\/wp-json\/wp\/v2\/posts\/136991\/revisions"}],"predecessor-version":[{"id":136993,"href":"https:\/\/www.caririemacao.com\/1\/wp-json\/wp\/v2\/posts\/136991\/revisions\/136993"}],"wp:featuredmedia":[{"embeddable":true,"href":"https:\/\/www.caririemacao.com\/1\/wp-json\/wp\/v2\/media\/135566"}],"wp:attachment":[{"href":"https:\/\/www.caririemacao.com\/1\/wp-json\/wp\/v2\/media?parent=136991"}],"wp:term":[{"taxonomy":"category","embeddable":true,"href":"https:\/\/www.caririemacao.com\/1\/wp-json\/wp\/v2\/categories?post=136991"},{"taxonomy":"post_tag","embeddable":true,"href":"https:\/\/www.caririemacao.com\/1\/wp-json\/wp\/v2\/tags?post=136991"}],"curies":[{"name":"wp","href":"https:\/\/api.w.org\/{rel}","templated":true}]}}