{"id":136998,"date":"2019-11-21T07:53:47","date_gmt":"2019-11-21T10:53:47","guid":{"rendered":"http:\/\/www.caririemacao.com\/1\/?p=136998"},"modified":"2019-11-21T11:36:23","modified_gmt":"2019-11-21T14:36:23","slug":"camara-de-monteiro-entrega-medalhas-de-honra-ao-merito-a-advogado-monteirense-e-ex-superintendente-da-conab-do-cariri","status":"publish","type":"post","link":"https:\/\/www.caririemacao.com\/1\/2019\/11\/21\/camara-de-monteiro-entrega-medalhas-de-honra-ao-merito-a-advogado-monteirense-e-ex-superintendente-da-conab-do-cariri\/","title":{"rendered":"C\u00e2mara de Monteiro entrega medalhas de Honra ao M\u00e9rito \u00e0 advogado monteirense e ex Superintendente da CONAB do Cariri"},"content":{"rendered":"\n<p> A C\u00e2mara Municipal de Monteiro realizou esta semana, a entrega de comendas, \u201cMedalha de Honra ao M\u00e9rito Alcindo Bezerra de Menezes\u201d \u00e0 dois homens de grandes servi\u00e7os prestados \u00e0 comunidade de Monteiro e&nbsp;do Cariri.<br>Em cerim\u00f4nia concorrida com a presen\u00e7a de autoridades, amigos e familiares receberam a honraria, o advogado Dr Wellington de Almeida Quintans, e o gerente aposentado da unidade da CONAB do Cariri Givanildo Lira.<br>Participaram da entrega, os vereadores Caj\u00f3 Menezes, Presidente da C\u00e2mara e autor da propositura da comenda do Dr Wellingtin Quintans, Raul Formiga, Farias (que representou a prefeita Anna Lorena na cerim\u00f4nia), Bi\u00e3o e Toinho de Nequinho.<br>Tamb\u00e9m marcaram presen\u00e7a, o ex-superintendente da CONAB Paulo Eduardo, o atual gerente do \u00f3rg\u00e3o Jo\u00e3o Cassimiro, e o representante do pastor Abel Nunes da Igreja Assembl\u00e9ia de Deus, Paulo Airton, al\u00e9m da imprensa local.<br>Ap\u00f3s as entregas das medalhas, os homenageados agradeceram pela honraria em seus discursos e por fim foi servido um coffe break para os convidados presentes.<\/p>\n","protected":false},"excerpt":{"rendered":"<p>A C\u00e2mara Municipal de Monteiro realizou esta semana, a entrega de comendas, \u201cMedalha de Honra ao M\u00e9rito Alcindo Bezerra de Menezes\u201d \u00e0 dois homens de&hellip; <\/p>\n","protected":false},"author":1,"featured_media":137000,"comment_status":"closed","ping_status":"closed","sticky":false,"template":"","format":"standard","meta":{"sfsi_plus_gutenberg_text_before_share":"","sfsi_plus_gutenberg_show_text_before_share":"","sfsi_plus_gutenberg_icon_type":"","sfsi_plus_gutenberg_icon_alignemt":"","sfsi_plus_gutenburg_max_per_row":"","footnotes":""},"categories":[50,2],"tags":[],"class_list":["post-136998","post","type-post","status-publish","format-standard","has-post-thumbnail","hentry","category-destaque","category-geral"],"_links":{"self":[{"href":"https:\/\/www.caririemacao.com\/1\/wp-json\/wp\/v2\/posts\/136998","targetHints":{"allow":["GET"]}}],"collection":[{"href":"https:\/\/www.caririemacao.com\/1\/wp-json\/wp\/v2\/posts"}],"about":[{"href":"https:\/\/www.caririemacao.com\/1\/wp-json\/wp\/v2\/types\/post"}],"author":[{"embeddable":true,"href":"https:\/\/www.caririemacao.com\/1\/wp-json\/wp\/v2\/users\/1"}],"replies":[{"embeddable":true,"href":"https:\/\/www.caririemacao.com\/1\/wp-json\/wp\/v2\/comments?post=136998"}],"version-history":[{"count":2,"href":"https:\/\/www.caririemacao.com\/1\/wp-json\/wp\/v2\/posts\/136998\/revisions"}],"predecessor-version":[{"id":137094,"href":"https:\/\/www.caririemacao.com\/1\/wp-json\/wp\/v2\/posts\/136998\/revisions\/137094"}],"wp:featuredmedia":[{"embeddable":true,"href":"https:\/\/www.caririemacao.com\/1\/wp-json\/wp\/v2\/media\/137000"}],"wp:attachment":[{"href":"https:\/\/www.caririemacao.com\/1\/wp-json\/wp\/v2\/media?parent=136998"}],"wp:term":[{"taxonomy":"category","embeddable":true,"href":"https:\/\/www.caririemacao.com\/1\/wp-json\/wp\/v2\/categories?post=136998"},{"taxonomy":"post_tag","embeddable":true,"href":"https:\/\/www.caririemacao.com\/1\/wp-json\/wp\/v2\/tags?post=136998"}],"curies":[{"name":"wp","href":"https:\/\/api.w.org\/{rel}","templated":true}]}}