{"id":137340,"date":"2019-11-22T15:16:00","date_gmt":"2019-11-22T18:16:00","guid":{"rendered":"http:\/\/www.caririemacao.com\/1\/?p=137340"},"modified":"2019-11-22T15:16:00","modified_gmt":"2019-11-22T18:16:00","slug":"convocacao-de-mais-500-aprovados-no-concurso-da-policia-militar-sera-feita-no-inicio-de-dezembro","status":"publish","type":"post","link":"https:\/\/www.caririemacao.com\/1\/2019\/11\/22\/convocacao-de-mais-500-aprovados-no-concurso-da-policia-militar-sera-feita-no-inicio-de-dezembro\/","title":{"rendered":"Convoca\u00e7\u00e3o de mais 500 aprovados no concurso da Pol\u00edcia Militar ser\u00e1 feita no in\u00edcio de dezembro"},"content":{"rendered":"\n<p>Acabou a espera. Os 500 aprovados no concurso da Pol\u00edcia Militar ser\u00e3o&nbsp;chamados no&nbsp;in\u00edcio de dezembro. A informa\u00e7\u00e3o foi anunciada pelo comandante geral da Pol\u00edcia Militar da Para\u00edba, coronel Euller Chaves,&nbsp;na tarde desta sexta-feira (22).<\/p>\n\n\n\n<p>Segundo o comandante, os aprovados ir\u00e3o fazer a pr\u00e9-matr\u00edcula e seguir todos os tr\u00e2mites administrativos at\u00e9 concluir com o&nbsp; curso de forma\u00e7\u00e3o.&nbsp;<\/p>\n\n\n\n<p>Ainda segundo ele, no in\u00edcio do pr\u00f3ximo m\u00eas mais novos 500 policiais que est\u00e3o terminando o curso&nbsp; de forma\u00e7\u00e3o estar\u00e3o sendo colocados para refor\u00e7ar as a\u00e7\u00f5es de seguran\u00e7a em todo o Estado, principalmente nos festejos de final de ano.<\/p>\n","protected":false},"excerpt":{"rendered":"<p>Acabou a espera. Os 500 aprovados no concurso da Pol\u00edcia Militar ser\u00e3o&nbsp;chamados no&nbsp;in\u00edcio de dezembro. A informa\u00e7\u00e3o foi anunciada pelo comandante geral da Pol\u00edcia Militar&hellip; <\/p>\n","protected":false},"author":1,"featured_media":137342,"comment_status":"closed","ping_status":"closed","sticky":false,"template":"","format":"standard","meta":{"sfsi_plus_gutenberg_text_before_share":"","sfsi_plus_gutenberg_show_text_before_share":"","sfsi_plus_gutenberg_icon_type":"","sfsi_plus_gutenberg_icon_alignemt":"","sfsi_plus_gutenburg_max_per_row":"","footnotes":""},"categories":[2],"tags":[],"class_list":["post-137340","post","type-post","status-publish","format-standard","has-post-thumbnail","hentry","category-geral"],"_links":{"self":[{"href":"https:\/\/www.caririemacao.com\/1\/wp-json\/wp\/v2\/posts\/137340","targetHints":{"allow":["GET"]}}],"collection":[{"href":"https:\/\/www.caririemacao.com\/1\/wp-json\/wp\/v2\/posts"}],"about":[{"href":"https:\/\/www.caririemacao.com\/1\/wp-json\/wp\/v2\/types\/post"}],"author":[{"embeddable":true,"href":"https:\/\/www.caririemacao.com\/1\/wp-json\/wp\/v2\/users\/1"}],"replies":[{"embeddable":true,"href":"https:\/\/www.caririemacao.com\/1\/wp-json\/wp\/v2\/comments?post=137340"}],"version-history":[{"count":1,"href":"https:\/\/www.caririemacao.com\/1\/wp-json\/wp\/v2\/posts\/137340\/revisions"}],"predecessor-version":[{"id":137343,"href":"https:\/\/www.caririemacao.com\/1\/wp-json\/wp\/v2\/posts\/137340\/revisions\/137343"}],"wp:featuredmedia":[{"embeddable":true,"href":"https:\/\/www.caririemacao.com\/1\/wp-json\/wp\/v2\/media\/137342"}],"wp:attachment":[{"href":"https:\/\/www.caririemacao.com\/1\/wp-json\/wp\/v2\/media?parent=137340"}],"wp:term":[{"taxonomy":"category","embeddable":true,"href":"https:\/\/www.caririemacao.com\/1\/wp-json\/wp\/v2\/categories?post=137340"},{"taxonomy":"post_tag","embeddable":true,"href":"https:\/\/www.caririemacao.com\/1\/wp-json\/wp\/v2\/tags?post=137340"}],"curies":[{"name":"wp","href":"https:\/\/api.w.org\/{rel}","templated":true}]}}