{"id":137355,"date":"2019-11-22T16:02:09","date_gmt":"2019-11-22T19:02:09","guid":{"rendered":"http:\/\/www.caririemacao.com\/1\/?p=137355"},"modified":"2019-11-22T16:02:09","modified_gmt":"2019-11-22T19:02:09","slug":"prefeitura-de-sume-realiza-atividades-pelo-fim-da-violencia-contra-as-mulheres","status":"publish","type":"post","link":"https:\/\/www.caririemacao.com\/1\/2019\/11\/22\/prefeitura-de-sume-realiza-atividades-pelo-fim-da-violencia-contra-as-mulheres\/","title":{"rendered":"Prefeitura de Sum\u00e9 realiza atividades pelo fim da viol\u00eancia contra as mulheres"},"content":{"rendered":"\n<p>A Prefeitura de Sum\u00e9, atrav\u00e9s da Secretaria de Assist\u00eancia Social, aderiu a campanha global dos \u201c16 dias de Ativismo pelo Fim da Viol\u00eancia Contra as Mulheres com a realiza\u00e7\u00e3o de diversas atividades.<br>O dia \u201cD da campanha\u201d ser\u00e1 celebrado nesta segunda (25), a partir das 8h, com uma s\u00e9ria de atividades na Pra\u00e7a Jos\u00e9 Am\u00e9rico com Feira de Servi\u00e7os \u201cElas Empreendem\u201d, retirada de documentos, roda de conversa na r\u00e1dio com profissionais da rede de atendimento sobre viol\u00eancia contra a mulher e apresenta\u00e7\u00f5es culturais com o grupo SCFV e a banda de p\u00edfanos da filarm\u00f4nica- Meninas de Sum\u00e9. O prefeito de Sum\u00e9, \u00c9den Duarte, secret\u00e1rios, vereadores e ativistas dos movimentos de mulheres estar\u00e3o presentes na atividade que \u00e9 uma parceria da prefeitura municipal, CREAS e o governo do Estado.<br>A programa\u00e7\u00e3o segue at\u00e9 o dia 10 de dezembro 2019, com palestras, rodas de conversa, sess\u00e3o na C\u00e2mara Municipal, feira de servi\u00e7os, apresenta\u00e7\u00f5es culturais, e outras a\u00e7\u00f5es, visando conscientizar toda a popula\u00e7\u00e3o sumeense, sobre a necessidade emergente de prevenir e eliminar a viol\u00eancia contra as mulheres e meninas.<br>De acordo com o prefeito \u00c9den Duarte, a gest\u00e3o municipal tem trabalhado fortemente nessa quest\u00e3o do combate a viol\u00eancia contra a mulher. \u201cCriamos o departamento municipal da mulher e diversidade humana, o centro de atendimento da mulher do Cariri (em parceria com o governo do estado e Cisco), estamos concorrendo ao selo \u201cPrefeitura parceira da mulher\u201d (selo do estado da Para\u00edba) e na pr\u00f3xima semana encaminharemos o projeto de lei que cria o conselho municipal de direito da mulher, al\u00e9m de v\u00e1rias outras a\u00e7\u00f5es de empoderamento das mulheres\u201d, destacou o prefeito.<br><strong>Saiba mais sobre a campanha<\/strong><br>A campanha dos 16 Dias de Ativismo come\u00e7ou em 1991, quando mulheres de diferentes pa\u00edses, reunidas pelo Centro de Lideran\u00e7a Global de Mulheres (CWGL), iniciaram uma atividade com o objetivo de promover o debate e denunciar as v\u00e1rias formas de viol\u00eancia contra as mulheres no mundo. Desde a primeira edi\u00e7\u00e3o, a campanha dos 16 Dias de Ativismo, conquistou, segundo as Na\u00e7\u00f5es Unidas (ONU), a ades\u00e3o de cerca de 150 pa\u00edses, incluindo o Brasil.<\/p>\n","protected":false},"excerpt":{"rendered":"<p>A Prefeitura de Sum\u00e9, atrav\u00e9s da Secretaria de Assist\u00eancia Social, aderiu a campanha global dos \u201c16 dias de Ativismo pelo Fim da Viol\u00eancia Contra as&hellip; <\/p>\n","protected":false},"author":1,"featured_media":96472,"comment_status":"closed","ping_status":"closed","sticky":false,"template":"","format":"standard","meta":{"sfsi_plus_gutenberg_text_before_share":"","sfsi_plus_gutenberg_show_text_before_share":"","sfsi_plus_gutenberg_icon_type":"","sfsi_plus_gutenberg_icon_alignemt":"","sfsi_plus_gutenburg_max_per_row":"","footnotes":""},"categories":[2],"tags":[],"class_list":["post-137355","post","type-post","status-publish","format-standard","has-post-thumbnail","hentry","category-geral"],"_links":{"self":[{"href":"https:\/\/www.caririemacao.com\/1\/wp-json\/wp\/v2\/posts\/137355","targetHints":{"allow":["GET"]}}],"collection":[{"href":"https:\/\/www.caririemacao.com\/1\/wp-json\/wp\/v2\/posts"}],"about":[{"href":"https:\/\/www.caririemacao.com\/1\/wp-json\/wp\/v2\/types\/post"}],"author":[{"embeddable":true,"href":"https:\/\/www.caririemacao.com\/1\/wp-json\/wp\/v2\/users\/1"}],"replies":[{"embeddable":true,"href":"https:\/\/www.caririemacao.com\/1\/wp-json\/wp\/v2\/comments?post=137355"}],"version-history":[{"count":1,"href":"https:\/\/www.caririemacao.com\/1\/wp-json\/wp\/v2\/posts\/137355\/revisions"}],"predecessor-version":[{"id":137356,"href":"https:\/\/www.caririemacao.com\/1\/wp-json\/wp\/v2\/posts\/137355\/revisions\/137356"}],"wp:featuredmedia":[{"embeddable":true,"href":"https:\/\/www.caririemacao.com\/1\/wp-json\/wp\/v2\/media\/96472"}],"wp:attachment":[{"href":"https:\/\/www.caririemacao.com\/1\/wp-json\/wp\/v2\/media?parent=137355"}],"wp:term":[{"taxonomy":"category","embeddable":true,"href":"https:\/\/www.caririemacao.com\/1\/wp-json\/wp\/v2\/categories?post=137355"},{"taxonomy":"post_tag","embeddable":true,"href":"https:\/\/www.caririemacao.com\/1\/wp-json\/wp\/v2\/tags?post=137355"}],"curies":[{"name":"wp","href":"https:\/\/api.w.org\/{rel}","templated":true}]}}