{"id":137361,"date":"2019-11-22T16:13:51","date_gmt":"2019-11-22T19:13:51","guid":{"rendered":"http:\/\/www.caririemacao.com\/1\/?p=137361"},"modified":"2019-11-22T16:13:51","modified_gmt":"2019-11-22T19:13:51","slug":"ex-prefeito-de-serra-branca-e-condenado-a-2-anos-e-6-meses-de-detencao","status":"publish","type":"post","link":"https:\/\/www.caririemacao.com\/1\/2019\/11\/22\/ex-prefeito-de-serra-branca-e-condenado-a-2-anos-e-6-meses-de-detencao\/","title":{"rendered":"Ex-prefeito de Serra Branca \u00e9 condenado a 2 anos e 6 meses de deten\u00e7\u00e3o"},"content":{"rendered":"\n<p>O ex-prefeito do Munic\u00edpio de Serra Branca, Eduardo Jos\u00e9 Torre\u00e3o Mota, foi condenado a dois anos e seis meses de deten\u00e7\u00e3o, como incurso nas san\u00e7\u00f5es do artigo 1\u00ba, inciso XIII, do Decreto-Lei n\u00ba 201\/67 (Crime de Responsabilidade). A pena privativa de liberdade foi convertida em presta\u00e7\u00e3o de servi\u00e7os \u00e0 comunidade e presta\u00e7\u00e3o pecuni\u00e1ria no valor de 10 sal\u00e1rios m\u00ednimos. O ex-gestor foi tamb\u00e9m declarado como inapto pelo prazo de cinco anos para o exerc\u00edcio de cargo ou fun\u00e7\u00e3o p\u00fablica, eletiva ou de nomea\u00e7\u00e3o.<\/p>\n\n\n\n<p>A senten\u00e7a foi proferida pelo juiz Jos\u00e9 Irlando Sobreira Machado, da Vara \u00danica da Comarca de Serra Branca, nos autos da a\u00e7\u00e3o n\u00ba 0000120-42.2017.815.0341. A den\u00fancia, do Minist\u00e9rio P\u00fablico estadual, aponta que o ex-prefeito, durante os anos de 2010 a 2012, admitiu e nomeou 146 servidores para exercerem fun\u00e7\u00f5es na administra\u00e7\u00e3o p\u00fablica, em afronta ao que determina a Lei Municipal n\u00ba 245\/97, que disp\u00f5e sobre a contrata\u00e7\u00e3o de servidores em car\u00e1ter tempor\u00e1rio e por tempo determinado para suprir excepcional interesse p\u00fablico.<\/p>\n\n\n\n<p>Nas alega\u00e7\u00f5es finais, a defesa pugnou pela absolvi\u00e7\u00e3o, por n\u00e3o haver qualquer prova que demonstre o dolo e qualquer afronta aos princ\u00edpios da moralidade e impessoalidade. J\u00e1 o Minist\u00e9rio P\u00fablico afirmou que ficou demonstrada a participa\u00e7\u00e3o do r\u00e9u no evento delituoso descrito na den\u00fancia.<\/p>\n\n\n\n<p>Na senten\u00e7a, o juiz Jos\u00e9 Irlando afirma que restou evidente que as contrata\u00e7\u00f5es foram efetivadas de forma irregular, com ofensa \u00e0 Lei Municipal n\u00ba 295\/97. \u201cA materialidade mostrou-se comprovada, uma vez que a conduta de contratar servidores contra expressa disposi\u00e7\u00e3o de lei, de fato, ocorreu. Quanto \u00e0 autoria, tamb\u00e9m n\u00e3o h\u00e1 d\u00favidas, posto que o acusado \u00e9 quem assina todos os documentos, n\u00e3o tendo o r\u00e9u, em nenhum momento, alegado nada contr\u00e1rio\u201d, ressaltou.<\/p>\n\n\n\n<p>Cabe recurso da decis\u00e3o.<\/p>\n","protected":false},"excerpt":{"rendered":"<p>O ex-prefeito do Munic\u00edpio de Serra Branca, Eduardo Jos\u00e9 Torre\u00e3o Mota, foi condenado a dois anos e seis meses de deten\u00e7\u00e3o, como incurso nas san\u00e7\u00f5es&hellip; <\/p>\n","protected":false},"author":1,"featured_media":137362,"comment_status":"closed","ping_status":"closed","sticky":false,"template":"","format":"standard","meta":{"sfsi_plus_gutenberg_text_before_share":"","sfsi_plus_gutenberg_show_text_before_share":"","sfsi_plus_gutenberg_icon_type":"","sfsi_plus_gutenberg_icon_alignemt":"","sfsi_plus_gutenburg_max_per_row":"","footnotes":""},"categories":[2],"tags":[],"class_list":["post-137361","post","type-post","status-publish","format-standard","has-post-thumbnail","hentry","category-geral"],"_links":{"self":[{"href":"https:\/\/www.caririemacao.com\/1\/wp-json\/wp\/v2\/posts\/137361","targetHints":{"allow":["GET"]}}],"collection":[{"href":"https:\/\/www.caririemacao.com\/1\/wp-json\/wp\/v2\/posts"}],"about":[{"href":"https:\/\/www.caririemacao.com\/1\/wp-json\/wp\/v2\/types\/post"}],"author":[{"embeddable":true,"href":"https:\/\/www.caririemacao.com\/1\/wp-json\/wp\/v2\/users\/1"}],"replies":[{"embeddable":true,"href":"https:\/\/www.caririemacao.com\/1\/wp-json\/wp\/v2\/comments?post=137361"}],"version-history":[{"count":1,"href":"https:\/\/www.caririemacao.com\/1\/wp-json\/wp\/v2\/posts\/137361\/revisions"}],"predecessor-version":[{"id":137363,"href":"https:\/\/www.caririemacao.com\/1\/wp-json\/wp\/v2\/posts\/137361\/revisions\/137363"}],"wp:featuredmedia":[{"embeddable":true,"href":"https:\/\/www.caririemacao.com\/1\/wp-json\/wp\/v2\/media\/137362"}],"wp:attachment":[{"href":"https:\/\/www.caririemacao.com\/1\/wp-json\/wp\/v2\/media?parent=137361"}],"wp:term":[{"taxonomy":"category","embeddable":true,"href":"https:\/\/www.caririemacao.com\/1\/wp-json\/wp\/v2\/categories?post=137361"},{"taxonomy":"post_tag","embeddable":true,"href":"https:\/\/www.caririemacao.com\/1\/wp-json\/wp\/v2\/tags?post=137361"}],"curies":[{"name":"wp","href":"https:\/\/api.w.org\/{rel}","templated":true}]}}