{"id":137369,"date":"2019-11-22T16:17:33","date_gmt":"2019-11-22T19:17:33","guid":{"rendered":"http:\/\/www.caririemacao.com\/1\/?p=137369"},"modified":"2019-11-22T16:17:33","modified_gmt":"2019-11-22T19:17:33","slug":"menina-e-submetida-a-duas-amputacoes-apos-ser-atropelada-por-carro-desgovernado-na-pb","status":"publish","type":"post","link":"https:\/\/www.caririemacao.com\/1\/2019\/11\/22\/menina-e-submetida-a-duas-amputacoes-apos-ser-atropelada-por-carro-desgovernado-na-pb\/","title":{"rendered":"Menina \u00e9 submetida a duas amputa\u00e7\u00f5es ap\u00f3s ser atropelada por carro desgovernado na PB"},"content":{"rendered":"\n<p>Uma menina de sete anos teve que ser submetida a amputa\u00e7\u00e3o da perna at\u00e9 a altura do quadril ap\u00f3s ter sido atropelada por um carro desgovernado, no munic\u00edpio de Mana\u00edra, no Sert\u00e3o paraibano, deixado &#8216;sem marcha&#8217; pelo motorista.<\/p>\n\n\n\n<p>Ela foi internada no Hospital Regional de Patos, e depois teve que ser transferida para o Hospital de Trauma Dom Luiz Gonzaga Fernandes, em Campina Grande.<\/p>\n\n\n\n<p>A crian\u00e7a teve infec\u00e7\u00e3o na regi\u00e3o do ferimento e, por isso, precisou amputar a perna. A infec\u00e7\u00e3o aumentou e no \u00faltimo s\u00e1bado (16) ela precisou passar por nova amputa\u00e7\u00e3o para ampliar a \u00e1rea retirada.<\/p>\n\n\n\n<p>A menina respirava com ajuda de aparelhos e seguia internada com quadro de sa\u00fade est\u00e1vel.<\/p>\n\n\n\n<p>O condutor do ve\u00edculo que estava parado e desceu a ladeira atingindo a menina fugiu do local sem prestar socorro, no dia do acidente, e n\u00e3o foi encontrado ap\u00f3s o fato.<\/p>\n","protected":false},"excerpt":{"rendered":"<p>Uma menina de sete anos teve que ser submetida a amputa\u00e7\u00e3o da perna at\u00e9 a altura do quadril ap\u00f3s ter sido atropelada por um carro&hellip; <\/p>\n","protected":false},"author":1,"featured_media":86443,"comment_status":"closed","ping_status":"closed","sticky":false,"template":"","format":"standard","meta":{"sfsi_plus_gutenberg_text_before_share":"","sfsi_plus_gutenberg_show_text_before_share":"","sfsi_plus_gutenberg_icon_type":"","sfsi_plus_gutenberg_icon_alignemt":"","sfsi_plus_gutenburg_max_per_row":"","footnotes":""},"categories":[12],"tags":[],"class_list":["post-137369","post","type-post","status-publish","format-standard","has-post-thumbnail","hentry","category-policia"],"_links":{"self":[{"href":"https:\/\/www.caririemacao.com\/1\/wp-json\/wp\/v2\/posts\/137369","targetHints":{"allow":["GET"]}}],"collection":[{"href":"https:\/\/www.caririemacao.com\/1\/wp-json\/wp\/v2\/posts"}],"about":[{"href":"https:\/\/www.caririemacao.com\/1\/wp-json\/wp\/v2\/types\/post"}],"author":[{"embeddable":true,"href":"https:\/\/www.caririemacao.com\/1\/wp-json\/wp\/v2\/users\/1"}],"replies":[{"embeddable":true,"href":"https:\/\/www.caririemacao.com\/1\/wp-json\/wp\/v2\/comments?post=137369"}],"version-history":[{"count":1,"href":"https:\/\/www.caririemacao.com\/1\/wp-json\/wp\/v2\/posts\/137369\/revisions"}],"predecessor-version":[{"id":137370,"href":"https:\/\/www.caririemacao.com\/1\/wp-json\/wp\/v2\/posts\/137369\/revisions\/137370"}],"wp:featuredmedia":[{"embeddable":true,"href":"https:\/\/www.caririemacao.com\/1\/wp-json\/wp\/v2\/media\/86443"}],"wp:attachment":[{"href":"https:\/\/www.caririemacao.com\/1\/wp-json\/wp\/v2\/media?parent=137369"}],"wp:term":[{"taxonomy":"category","embeddable":true,"href":"https:\/\/www.caririemacao.com\/1\/wp-json\/wp\/v2\/categories?post=137369"},{"taxonomy":"post_tag","embeddable":true,"href":"https:\/\/www.caririemacao.com\/1\/wp-json\/wp\/v2\/tags?post=137369"}],"curies":[{"name":"wp","href":"https:\/\/api.w.org\/{rel}","templated":true}]}}