{"id":137377,"date":"2019-11-22T16:32:52","date_gmt":"2019-11-22T19:32:52","guid":{"rendered":"http:\/\/www.caririemacao.com\/1\/?p=137377"},"modified":"2019-11-22T16:32:52","modified_gmt":"2019-11-22T19:32:52","slug":"joao-e-governadores-do-nordeste-encerram-reunioes-na-europa-apos-agenda-com-ministros-alemaes","status":"publish","type":"post","link":"https:\/\/www.caririemacao.com\/1\/2019\/11\/22\/joao-e-governadores-do-nordeste-encerram-reunioes-na-europa-apos-agenda-com-ministros-alemaes\/","title":{"rendered":"Jo\u00e3o e governadores do Nordeste encerram reuni\u00f5es na Europa ap\u00f3s agenda com ministros alem\u00e3es"},"content":{"rendered":"\n<p>A primeira miss\u00e3o internacional dos governadores do Nordeste foi encerrada nesta sexta-feira (22), em Berlim. Como \u00faltimo compromisso na Europa, eles estiveram nas sedes dos Minist\u00e9rios da Economia, Educa\u00e7\u00e3o e&nbsp; Coopera\u00e7\u00e3o e Desenvolvimento da Alemanha, onde explicaram o funcionamento do Cons\u00f3rcio Nordeste.<\/p>\n\n\n\n<p>Ampliar o fluxo de neg\u00f3cios com investidores europeus e fortalecer as rela\u00e7\u00f5es de coopera\u00e7\u00e3o foram os principais objetivos da viagem. Na passagem por Paris, Roma e Berlim, o cons\u00f3rcio destacou o potencial de consumo e de desenvolvimento do Nordeste, que re\u00fane 57,1 milh\u00f5es de habitantes e tem um Produto Interno Bruto (PIB) de R$ 898,1 bilh\u00f5es, equivalente a 14% do PIB brasileiro.<\/p>\n\n\n\n<p>Tanto no Minist\u00e9rio da Economia como no da Coopera\u00e7\u00e3o e Desenvolvimento Econ\u00f4mico, em Berlim, nesta sexta-feira, a quest\u00e3o ambiental foi destacada pelos gestores alem\u00e3es.&nbsp;&nbsp;<\/p>\n\n\n\n<figure class=\"wp-block-image\"><img decoding=\"async\" data-src=\"https:\/\/www.clickpb.com.br\/media\/filer_public\/0a\/7d\/0a7d383d-4e0b-4cce-84be-88a7d4f49c2c\/unnamed.jpg\" alt=\"\" src=\"data:image\/svg+xml;base64,PHN2ZyB3aWR0aD0iMSIgaGVpZ2h0PSIxIiB4bWxucz0iaHR0cDovL3d3dy53My5vcmcvMjAwMC9zdmciPjwvc3ZnPg==\" class=\"lazyload\" \/><\/figure>\n\n\n\n<p>\u201cTemos muitas empresas com experi\u00eancias nos setores de saneamento e energias limpas que podem se interessar por projetos no Nordeste. Queremos fazer uma parceria com voc\u00eas nessas \u00e1reas. Para n\u00f3s \u00e9 importante a preserva\u00e7\u00e3o da Floresta Amaz\u00f4nica para aceita\u00e7\u00e3o desses projetos com o Brasil\u201d, explicou o secret\u00e1rio de Estado do Minist\u00e9rio da Economia, Ulrich Nussbaum.<\/p>\n\n\n\n<p>O diretor para a Am\u00e9rica Latina do Minist\u00e9rio de Coopera\u00e7\u00e3o Econ\u00f4mica e Desenvolvimento, Volker Oel, ouviu dos governadores os projetos que gostariam de contar com apoio e tamb\u00e9m falou sobre quest\u00f5es ambientais. \u201c Sabemos que a prote\u00e7\u00e3o do clima e das florestas tropicais \u00e9 uma das tem\u00e1ticas mais importantes. Temos muito interesse em cooperar com o cons\u00f3rcio, em a\u00e7\u00f5es como a prote\u00e7\u00e3o ambiental. Sabemos do grande potencial que seus estados t\u00eam na \u00e1rea de energia renov\u00e1vel\u201d.<\/p>\n\n\n\n<p>Educa\u00e7\u00e3o &#8211; Finalizando a agenda da viagem, os governadores se encontraram com o diretor para Coopera\u00e7\u00e3o Internacional em Educa\u00e7\u00e3o e Pesquisa, Frithjof Maennel. Os membros do Cons\u00f3rcio solicitaram apoio em especial para \u00e1rea de Educa\u00e7\u00e3o Profissional e para promover com a Alemanha interc\u00e2mbio de alunos do ensino m\u00e9dio dos nove estados nordestinos.<\/p>\n\n\n\n<p>De acordo com o diretor alem\u00e3o, o Minist\u00e9rio poder\u00e1 fomentar o segmento de pesquisa no Nordeste com libera\u00e7\u00e3o de financiamento. \u201cEsses pontos de apoio solicitados pelos senhores s\u00e3o muito importantes para n\u00f3s. Vamos desenvolver nos pr\u00f3ximos meses propostas de coopera\u00e7\u00e3o\u201d.<\/p>\n\n\n\n<p>O governador Jo\u00e3o Azev\u00eado destacou a import\u00e2ncia das agendas na Alemanha para viabilizar novas parcerias e assegurar a melhoria da qualidade de vida da popula\u00e7\u00e3o nordestina. \u201cNo \u00faltimo dia da nossa miss\u00e3o na Europa, em Berlim, tivemos a oportunidade de nos reunir com o Minist\u00e9rio da Economia e, posteriormente, com o Minist\u00e9rio da Coopera\u00e7\u00e3o. Foram reuni\u00f5es extremamente importantes que podem abrir, mais uma vez, as portas da Alemanha para segmentos importantes, principalmente, na \u00e1rea de pesquisa e desenvolvimento de tecnologia\u201d, disse o gestor.<\/p>\n\n\n\n<p>Participaram da miss\u00e3o os governadores Rui Costa (Bahia), Renan Filho (Alagoas), Camilo Santana (Cear\u00e1), Jo\u00e3o Azev\u00eado (Para\u00edba), Paulo C\u00e2mara (Pernambuco), Wellington Dias (Piau\u00ed), F\u00e1tima Bezerra (Rio Grande do Norte) e Belivaldo Chagas, assim como o vice-governador Carlos Brand\u00e3o (Maranh\u00e3o). O governador de Sergipe foi representado pelo superintendente de PPPs, Oliveira Junior.<\/p>\n","protected":false},"excerpt":{"rendered":"<p>A primeira miss\u00e3o internacional dos governadores do Nordeste foi encerrada nesta sexta-feira (22), em Berlim. Como \u00faltimo compromisso na Europa, eles estiveram nas sedes dos&hellip; <\/p>\n","protected":false},"author":1,"featured_media":119325,"comment_status":"closed","ping_status":"closed","sticky":false,"template":"","format":"standard","meta":{"sfsi_plus_gutenberg_text_before_share":"","sfsi_plus_gutenberg_show_text_before_share":"","sfsi_plus_gutenberg_icon_type":"","sfsi_plus_gutenberg_icon_alignemt":"","sfsi_plus_gutenburg_max_per_row":"","footnotes":""},"categories":[2],"tags":[],"class_list":["post-137377","post","type-post","status-publish","format-standard","has-post-thumbnail","hentry","category-geral"],"_links":{"self":[{"href":"https:\/\/www.caririemacao.com\/1\/wp-json\/wp\/v2\/posts\/137377","targetHints":{"allow":["GET"]}}],"collection":[{"href":"https:\/\/www.caririemacao.com\/1\/wp-json\/wp\/v2\/posts"}],"about":[{"href":"https:\/\/www.caririemacao.com\/1\/wp-json\/wp\/v2\/types\/post"}],"author":[{"embeddable":true,"href":"https:\/\/www.caririemacao.com\/1\/wp-json\/wp\/v2\/users\/1"}],"replies":[{"embeddable":true,"href":"https:\/\/www.caririemacao.com\/1\/wp-json\/wp\/v2\/comments?post=137377"}],"version-history":[{"count":1,"href":"https:\/\/www.caririemacao.com\/1\/wp-json\/wp\/v2\/posts\/137377\/revisions"}],"predecessor-version":[{"id":137378,"href":"https:\/\/www.caririemacao.com\/1\/wp-json\/wp\/v2\/posts\/137377\/revisions\/137378"}],"wp:featuredmedia":[{"embeddable":true,"href":"https:\/\/www.caririemacao.com\/1\/wp-json\/wp\/v2\/media\/119325"}],"wp:attachment":[{"href":"https:\/\/www.caririemacao.com\/1\/wp-json\/wp\/v2\/media?parent=137377"}],"wp:term":[{"taxonomy":"category","embeddable":true,"href":"https:\/\/www.caririemacao.com\/1\/wp-json\/wp\/v2\/categories?post=137377"},{"taxonomy":"post_tag","embeddable":true,"href":"https:\/\/www.caririemacao.com\/1\/wp-json\/wp\/v2\/tags?post=137377"}],"curies":[{"name":"wp","href":"https:\/\/api.w.org\/{rel}","templated":true}]}}