{"id":137381,"date":"2019-11-22T16:43:02","date_gmt":"2019-11-22T19:43:02","guid":{"rendered":"http:\/\/www.caririemacao.com\/1\/?p=137381"},"modified":"2019-11-22T16:43:02","modified_gmt":"2019-11-22T19:43:02","slug":"ricardo-coutinho-comanda-primeira-reuniao-do-psb-apos-racha-do-partido","status":"publish","type":"post","link":"https:\/\/www.caririemacao.com\/1\/2019\/11\/22\/ricardo-coutinho-comanda-primeira-reuniao-do-psb-apos-racha-do-partido\/","title":{"rendered":"Ricardo Coutinho comanda primeira reuni\u00e3o do PSB ap\u00f3s racha do partido"},"content":{"rendered":"\n<figure class=\"wp-block-image\"><img decoding=\"async\" data-src=\"http:\/\/paraibadebate.com.br\/wp-content\/uploads\/2018\/06\/ricardo_solenidade-do-pronatec_foto-jose-marques-1-e1505156339846-696x512.jpg\" alt=\"\" src=\"data:image\/svg+xml;base64,PHN2ZyB3aWR0aD0iMSIgaGVpZ2h0PSIxIiB4bWxucz0iaHR0cDovL3d3dy53My5vcmcvMjAwMC9zdmciPjwvc3ZnPg==\" class=\"lazyload\" style=\"--smush-placeholder-width: 696px; --smush-placeholder-aspect-ratio: 696\/512;\" \/><\/figure>\n\n\n\n<p>Foto: Reprodu\u00e7\u00e3o<\/p>\n\n\n\n<p>O ex-governador Ricardo Coutinho, presidente do diret\u00f3rio estadual do Partido Socialista Brasileiro (PSB), na Para\u00edba, comanda a sua primeira reuni\u00e3o \u00e0 frente da legenda nesta sexta-feira (22)&nbsp;ap\u00f3s o racha exposto dentro do partido.&nbsp;O evento chamado \u2018Di\u00e1logos Jo\u00e3o Pessoa do S\u00e9culo 21\u2019 ocorre \u00e0s 19h, na Igreja Evang\u00e9lica Arca de Deus, no Conjunto Gerv\u00e1sio Maia.<\/p>\n\n\n\n<p>O convite para o evento foi postado nas redes sociais da deputada Estela Bezerra e do deputado Gerv\u00e1sio Maia. Al\u00e9m deles dois, ainda n\u00e3o se sabe quais presen\u00e7as est\u00e3o confirmadas, mas ambos os deputados afirmaram que Ricardo Coutinho participar\u00e1 da reuni\u00e3o.<\/p>\n\n\n\n<p>\u201cNesta sexta-feira, vamos encontrar Ricardo Coutinho e companheiros de partido para dialogar sobre temas importantes da nossa cidade e sobre democracia\u201d, disse a Estela no Instagram.<\/p>\n\n\n\n<p>O trio \u2013 Ricardo, Gerv\u00e1sio e Estela \u2013 s\u00e3o op\u00e7\u00f5es do PSB para \u00e0 Prefeitura da Capital paraibana.<\/p>\n\n\n\n<p><\/p>\n","protected":false},"excerpt":{"rendered":"<p>Foto: Reprodu\u00e7\u00e3o O ex-governador Ricardo Coutinho, presidente do diret\u00f3rio estadual do Partido Socialista Brasileiro (PSB), na Para\u00edba, comanda a sua primeira reuni\u00e3o \u00e0 frente da&hellip; <\/p>\n","protected":false},"author":1,"featured_media":111975,"comment_status":"closed","ping_status":"closed","sticky":false,"template":"","format":"standard","meta":{"sfsi_plus_gutenberg_text_before_share":"","sfsi_plus_gutenberg_show_text_before_share":"","sfsi_plus_gutenberg_icon_type":"","sfsi_plus_gutenberg_icon_alignemt":"","sfsi_plus_gutenburg_max_per_row":"","footnotes":""},"categories":[11],"tags":[],"class_list":["post-137381","post","type-post","status-publish","format-standard","has-post-thumbnail","hentry","category-politica"],"_links":{"self":[{"href":"https:\/\/www.caririemacao.com\/1\/wp-json\/wp\/v2\/posts\/137381","targetHints":{"allow":["GET"]}}],"collection":[{"href":"https:\/\/www.caririemacao.com\/1\/wp-json\/wp\/v2\/posts"}],"about":[{"href":"https:\/\/www.caririemacao.com\/1\/wp-json\/wp\/v2\/types\/post"}],"author":[{"embeddable":true,"href":"https:\/\/www.caririemacao.com\/1\/wp-json\/wp\/v2\/users\/1"}],"replies":[{"embeddable":true,"href":"https:\/\/www.caririemacao.com\/1\/wp-json\/wp\/v2\/comments?post=137381"}],"version-history":[{"count":1,"href":"https:\/\/www.caririemacao.com\/1\/wp-json\/wp\/v2\/posts\/137381\/revisions"}],"predecessor-version":[{"id":137382,"href":"https:\/\/www.caririemacao.com\/1\/wp-json\/wp\/v2\/posts\/137381\/revisions\/137382"}],"wp:featuredmedia":[{"embeddable":true,"href":"https:\/\/www.caririemacao.com\/1\/wp-json\/wp\/v2\/media\/111975"}],"wp:attachment":[{"href":"https:\/\/www.caririemacao.com\/1\/wp-json\/wp\/v2\/media?parent=137381"}],"wp:term":[{"taxonomy":"category","embeddable":true,"href":"https:\/\/www.caririemacao.com\/1\/wp-json\/wp\/v2\/categories?post=137381"},{"taxonomy":"post_tag","embeddable":true,"href":"https:\/\/www.caririemacao.com\/1\/wp-json\/wp\/v2\/tags?post=137381"}],"curies":[{"name":"wp","href":"https:\/\/api.w.org\/{rel}","templated":true}]}}