{"id":137395,"date":"2019-11-22T21:19:10","date_gmt":"2019-11-23T00:19:10","guid":{"rendered":"http:\/\/www.caririemacao.com\/1\/?p=137395"},"modified":"2019-11-22T21:19:10","modified_gmt":"2019-11-23T00:19:10","slug":"apresentador-gugu-liberato-tem-morte-confirmada-aos-60-anos","status":"publish","type":"post","link":"https:\/\/www.caririemacao.com\/1\/2019\/11\/22\/apresentador-gugu-liberato-tem-morte-confirmada-aos-60-anos\/","title":{"rendered":"Apresentador Gugu Liberato tem morte confirmada aos 60 anos"},"content":{"rendered":"\n<p>O \u00edcone da TV brasileira Ant\u00f4nio Augusto Moraes Liberato, conhecido como Gugu,&nbsp;teve a morte confirmada na noite desta sexta-feira (22), em boletim m\u00e9dico divulgado pela assessoria de imprensa.<\/p>\n\n\n\n<p>Uma das figuras mais ic\u00f4nicas da televis\u00e3o brasileira, o apresentador Gugu Liberato morreu aos 60 anos de idade, ap\u00f3s acidente dom\u00e9stico sofrido nesta quarta-feira (20).<\/p>\n\n\n\n<p>Ele caiu de uma altura de 4 metros enquanto tentava arrumar um ar-condicionado. Ele chegou a ser socorrido por uma ambul\u00e2ncia nesta quinta-feira (21), ficou internado na UTI de uma unidade hospitalar em Orlando, na Fl\u00f3rida, nos Estados Unidos.<\/p>\n\n\n\n<p>Na tarde desta quinta-feira (21), alguns blogs noticiaram a confirma\u00e7\u00e3o da morte do apresentador, que foi posteriormente desmentida por uma nota da assessoria de imprensa. Na noite desta sexta-feira (22), a fam\u00edlia liberou uma nota oficial confirmando o \u00f3bito.<\/p>\n\n\n\n<p>Ainda n\u00e3o h\u00e1 informa\u00e7\u00f5es sobre vel\u00f3rio e enterro.<\/p>\n","protected":false},"excerpt":{"rendered":"<p>O \u00edcone da TV brasileira Ant\u00f4nio Augusto Moraes Liberato, conhecido como Gugu,&nbsp;teve a morte confirmada na noite desta sexta-feira (22), em boletim m\u00e9dico divulgado pela&hellip; <\/p>\n","protected":false},"author":1,"featured_media":137397,"comment_status":"closed","ping_status":"closed","sticky":false,"template":"","format":"standard","meta":{"sfsi_plus_gutenberg_text_before_share":"","sfsi_plus_gutenberg_show_text_before_share":"","sfsi_plus_gutenberg_icon_type":"","sfsi_plus_gutenberg_icon_alignemt":"","sfsi_plus_gutenburg_max_per_row":"","footnotes":""},"categories":[2],"tags":[],"class_list":["post-137395","post","type-post","status-publish","format-standard","has-post-thumbnail","hentry","category-geral"],"_links":{"self":[{"href":"https:\/\/www.caririemacao.com\/1\/wp-json\/wp\/v2\/posts\/137395","targetHints":{"allow":["GET"]}}],"collection":[{"href":"https:\/\/www.caririemacao.com\/1\/wp-json\/wp\/v2\/posts"}],"about":[{"href":"https:\/\/www.caririemacao.com\/1\/wp-json\/wp\/v2\/types\/post"}],"author":[{"embeddable":true,"href":"https:\/\/www.caririemacao.com\/1\/wp-json\/wp\/v2\/users\/1"}],"replies":[{"embeddable":true,"href":"https:\/\/www.caririemacao.com\/1\/wp-json\/wp\/v2\/comments?post=137395"}],"version-history":[{"count":1,"href":"https:\/\/www.caririemacao.com\/1\/wp-json\/wp\/v2\/posts\/137395\/revisions"}],"predecessor-version":[{"id":137398,"href":"https:\/\/www.caririemacao.com\/1\/wp-json\/wp\/v2\/posts\/137395\/revisions\/137398"}],"wp:featuredmedia":[{"embeddable":true,"href":"https:\/\/www.caririemacao.com\/1\/wp-json\/wp\/v2\/media\/137397"}],"wp:attachment":[{"href":"https:\/\/www.caririemacao.com\/1\/wp-json\/wp\/v2\/media?parent=137395"}],"wp:term":[{"taxonomy":"category","embeddable":true,"href":"https:\/\/www.caririemacao.com\/1\/wp-json\/wp\/v2\/categories?post=137395"},{"taxonomy":"post_tag","embeddable":true,"href":"https:\/\/www.caririemacao.com\/1\/wp-json\/wp\/v2\/tags?post=137395"}],"curies":[{"name":"wp","href":"https:\/\/api.w.org\/{rel}","templated":true}]}}