{"id":137404,"date":"2019-11-23T06:26:13","date_gmt":"2019-11-23T09:26:13","guid":{"rendered":"http:\/\/www.caririemacao.com\/1\/?p=137404"},"modified":"2019-11-23T06:26:44","modified_gmt":"2019-11-23T09:26:44","slug":"homem-e-morto-a-tiros-em-monteiro","status":"publish","type":"post","link":"https:\/\/www.caririemacao.com\/1\/2019\/11\/23\/homem-e-morto-a-tiros-em-monteiro\/","title":{"rendered":"Homem \u00e9 morto a tiros em Monteiro"},"content":{"rendered":"\n<p>Um homem foi alvejado a bala na madrugada deste s\u00e1bado (23), na cal\u00e7ada de uma borracharia que fica localizado nas margens da BR-412 em Monteiro no Cariri.<\/p>\n\n\n\n<p>De acordo com informa\u00e7\u00f5es o homic\u00eddio aconteceu por volta das 02:00 horas quando a v\u00edtima de nome popular  &#8220;BRANQUINHO DA RUA DO MATADOURO\u201d chegou para concerta a c\u00e2mara de ar da moto.<\/p>\n\n\n\n<p>As pol\u00edcias militares e civis e o GEMOL se encontra no local.<\/p>\n\n\n\n<p>Mais informa\u00e7\u00f5es a qualquer momento.<\/p>\n\n\n\n<p><strong>HORA1PB<\/strong><\/p>\n","protected":false},"excerpt":{"rendered":"<p>Um homem foi alvejado a bala na madrugada deste s\u00e1bado (23), na cal\u00e7ada de uma borracharia que fica localizado nas margens da BR-412 em Monteiro&hellip; <\/p>\n","protected":false},"author":2,"featured_media":137405,"comment_status":"closed","ping_status":"closed","sticky":false,"template":"","format":"standard","meta":{"sfsi_plus_gutenberg_text_before_share":"","sfsi_plus_gutenberg_show_text_before_share":"","sfsi_plus_gutenberg_icon_type":"","sfsi_plus_gutenberg_icon_alignemt":"","sfsi_plus_gutenburg_max_per_row":"","footnotes":""},"categories":[50,12],"tags":[],"class_list":["post-137404","post","type-post","status-publish","format-standard","has-post-thumbnail","hentry","category-destaque","category-policia"],"_links":{"self":[{"href":"https:\/\/www.caririemacao.com\/1\/wp-json\/wp\/v2\/posts\/137404","targetHints":{"allow":["GET"]}}],"collection":[{"href":"https:\/\/www.caririemacao.com\/1\/wp-json\/wp\/v2\/posts"}],"about":[{"href":"https:\/\/www.caririemacao.com\/1\/wp-json\/wp\/v2\/types\/post"}],"author":[{"embeddable":true,"href":"https:\/\/www.caririemacao.com\/1\/wp-json\/wp\/v2\/users\/2"}],"replies":[{"embeddable":true,"href":"https:\/\/www.caririemacao.com\/1\/wp-json\/wp\/v2\/comments?post=137404"}],"version-history":[{"count":2,"href":"https:\/\/www.caririemacao.com\/1\/wp-json\/wp\/v2\/posts\/137404\/revisions"}],"predecessor-version":[{"id":137407,"href":"https:\/\/www.caririemacao.com\/1\/wp-json\/wp\/v2\/posts\/137404\/revisions\/137407"}],"wp:featuredmedia":[{"embeddable":true,"href":"https:\/\/www.caririemacao.com\/1\/wp-json\/wp\/v2\/media\/137405"}],"wp:attachment":[{"href":"https:\/\/www.caririemacao.com\/1\/wp-json\/wp\/v2\/media?parent=137404"}],"wp:term":[{"taxonomy":"category","embeddable":true,"href":"https:\/\/www.caririemacao.com\/1\/wp-json\/wp\/v2\/categories?post=137404"},{"taxonomy":"post_tag","embeddable":true,"href":"https:\/\/www.caririemacao.com\/1\/wp-json\/wp\/v2\/tags?post=137404"}],"curies":[{"name":"wp","href":"https:\/\/api.w.org\/{rel}","templated":true}]}}