{"id":137408,"date":"2019-11-23T07:00:25","date_gmt":"2019-11-23T10:00:25","guid":{"rendered":"http:\/\/www.caririemacao.com\/1\/?p=137408"},"modified":"2019-11-23T07:00:25","modified_gmt":"2019-11-23T10:00:25","slug":"orgaos-de-gugu-liberato-serao-doados-atendendo-sua-vontade","status":"publish","type":"post","link":"https:\/\/www.caririemacao.com\/1\/2019\/11\/23\/orgaos-de-gugu-liberato-serao-doados-atendendo-sua-vontade\/","title":{"rendered":"\u00d3rg\u00e3os de Gugu Liberato ser\u00e3o doados &#8220;atendendo sua vontade&#8221;"},"content":{"rendered":"\n<p>Ap\u00f3s a&nbsp;<a href=\"https:\/\/www.clickpb.com.br\/televisao\/apresentador-gugu-liberato-tem-morte-confirmada-272567.html\">confirma\u00e7\u00e3o da morte de Gugu Liberato<\/a>, aos 60 anos, foi informado que os \u00f3rg\u00e3os do apresentador ser\u00e3o doados. Gugu sofreu morte encef\u00e1lica ap\u00f3s cair de uma altura de 4 metros em sua casa nos Estados Unidos.<\/p>\n\n\n\n<p>Segundo comunicado oficial enviado por sua assessoria de imprensa: &#8220;Atendendo a uma vontade dele, a fam\u00edlia autorizou a doa\u00e7\u00e3o de todos os \u00f3rg\u00e3os.&#8221;<\/p>\n\n\n\n<p>Informa\u00e7\u00f5es sobre traslado do corpo para o Brasil, vel\u00f3rio e sepultamento ser\u00e3o divulgadas quando forem definidas pela fam\u00edlia de Gugu.<\/p>\n","protected":false},"excerpt":{"rendered":"<p>Ap\u00f3s a&nbsp;confirma\u00e7\u00e3o da morte de Gugu Liberato, aos 60 anos, foi informado que os \u00f3rg\u00e3os do apresentador ser\u00e3o doados. Gugu sofreu morte encef\u00e1lica ap\u00f3s cair&hellip; <\/p>\n","protected":false},"author":1,"featured_media":137397,"comment_status":"closed","ping_status":"closed","sticky":false,"template":"","format":"standard","meta":{"sfsi_plus_gutenberg_text_before_share":"","sfsi_plus_gutenberg_show_text_before_share":"","sfsi_plus_gutenberg_icon_type":"","sfsi_plus_gutenberg_icon_alignemt":"","sfsi_plus_gutenburg_max_per_row":"","footnotes":""},"categories":[2],"tags":[],"class_list":["post-137408","post","type-post","status-publish","format-standard","has-post-thumbnail","hentry","category-geral"],"_links":{"self":[{"href":"https:\/\/www.caririemacao.com\/1\/wp-json\/wp\/v2\/posts\/137408","targetHints":{"allow":["GET"]}}],"collection":[{"href":"https:\/\/www.caririemacao.com\/1\/wp-json\/wp\/v2\/posts"}],"about":[{"href":"https:\/\/www.caririemacao.com\/1\/wp-json\/wp\/v2\/types\/post"}],"author":[{"embeddable":true,"href":"https:\/\/www.caririemacao.com\/1\/wp-json\/wp\/v2\/users\/1"}],"replies":[{"embeddable":true,"href":"https:\/\/www.caririemacao.com\/1\/wp-json\/wp\/v2\/comments?post=137408"}],"version-history":[{"count":1,"href":"https:\/\/www.caririemacao.com\/1\/wp-json\/wp\/v2\/posts\/137408\/revisions"}],"predecessor-version":[{"id":137410,"href":"https:\/\/www.caririemacao.com\/1\/wp-json\/wp\/v2\/posts\/137408\/revisions\/137410"}],"wp:featuredmedia":[{"embeddable":true,"href":"https:\/\/www.caririemacao.com\/1\/wp-json\/wp\/v2\/media\/137397"}],"wp:attachment":[{"href":"https:\/\/www.caririemacao.com\/1\/wp-json\/wp\/v2\/media?parent=137408"}],"wp:term":[{"taxonomy":"category","embeddable":true,"href":"https:\/\/www.caririemacao.com\/1\/wp-json\/wp\/v2\/categories?post=137408"},{"taxonomy":"post_tag","embeddable":true,"href":"https:\/\/www.caririemacao.com\/1\/wp-json\/wp\/v2\/tags?post=137408"}],"curies":[{"name":"wp","href":"https:\/\/api.w.org\/{rel}","templated":true}]}}