{"id":137411,"date":"2019-11-23T07:02:35","date_gmt":"2019-11-23T10:02:35","guid":{"rendered":"http:\/\/www.caririemacao.com\/1\/?p=137411"},"modified":"2019-11-23T07:02:35","modified_gmt":"2019-11-23T10:02:35","slug":"dilma-defende-polarizacao-politica-e-afirma-que-neofascismo-tomou-governo","status":"publish","type":"post","link":"https:\/\/www.caririemacao.com\/1\/2019\/11\/23\/dilma-defende-polarizacao-politica-e-afirma-que-neofascismo-tomou-governo\/","title":{"rendered":"Dilma defende polariza\u00e7\u00e3o pol\u00edtica e afirma que neofascismo tomou governo"},"content":{"rendered":"\n<p>Com a perspectiva de repeti\u00e7\u00e3o do antagonismo visto na elei\u00e7\u00e3o de 2018 entre Jair Bolsonaro e Lula, agora solto, a ex-presidente Dilma Rousseff (PT) afirmou nesta sexta-feira (22) haver uma demoniza\u00e7\u00e3o da polariza\u00e7\u00e3o pol\u00edtica no pa\u00eds.<\/p>\n\n\n\n<p>O objetivo, segundo ela, \u00e9 viabilizar o centro como \u00fanica op\u00e7\u00e3o, uma vez que o centro pol\u00edtico \u00e9 a favor de uma economia liberal&nbsp;\u2014 respons\u00e1vel pela desigualdade do pa\u00eds, na vis\u00e3o dela.<\/p>\n\n\n\n<p>Dilma falou em palestra que antecedeu o 7\u00ba Congresso Nacional do PT, em S\u00e3o Paulo. O ato de abertura ter\u00e1 a presen\u00e7a de Lula na Casa de Portugal, que abriga o evento petista at\u00e9 domingo (24). No congresso, Gleisi Hoffmann deve ser reeleita presidente da sigla para um novo mandato de quatro anos.<\/p>\n\n\n\n<p>A fala de Dilma girou em torno do ataque ao neoliberalismo. &#8220;A pol\u00edtica que defende que h\u00e1 s\u00f3 o consenso de centro e n\u00e3o h\u00e1 posi\u00e7\u00f5es diferentes no cen\u00e1rio pol\u00edtico \u00e9 eminentemente uma pol\u00edtica liberal. Porque o centro defende que um pa\u00eds com desigualdade brutal n\u00e3o pode ter politicas de contraposi\u00e7\u00e3o&#8221;, afirmou.<\/p>\n\n\n\n<p>&#8220;A polariza\u00e7\u00e3o n\u00f3s n\u00e3o inventamos como pa\u00eds. O pr\u00f3prio IBGE diz que tem uma concentra\u00e7\u00e3o de renda em que pobre ganha s\u00f3 0,8% da renda nacional, enquanto os 10% mais ricos ganham 43%. Como que n\u00e3o tem polariza\u00e7\u00e3o? Aonde que n\u00e3o tem polariza\u00e7\u00e3o? Se voc\u00ea est\u00e1 exclu\u00eddo da riqueza do seu pa\u00eds&#8221;, completou, arrancando aplausos da plateia.<\/p>\n\n\n\n<p>&#8220;Como n\u00e3o polarizar diante do fato de que querem cobrar imposto dos desempregados?&#8221;, questionou, antes de mencionar que tamb\u00e9m h\u00e1 polariza\u00e7\u00e3o na quest\u00e3o da Petrobras e da prote\u00e7\u00e3o da Amaz\u00f4nia.<\/p>\n\n\n\n<p>Dilma afirmou ainda que o pa\u00eds n\u00e3o \u00e9 &#8220;polarizado porque algu\u00e9m quer&#8221;, em refer\u00eancia aos embates entre Lula e Bolsonaro. &#8220;\u00c9 polarizado porque, infelizmente, \u00e9 a heran\u00e7a de uma elite cega, olig\u00e1rquica, que sempre defendeu s\u00f3 seus interesses.&#8221;<\/p>\n\n\n\n<p>Lula, em suas falas desde que deixou a pris\u00e3o, no \u00faltimo dia 8, tem dito que o PT deve polarizar. &#8220;O PT tem que polarizar mesmo, tem que disputar para valer&#8221;, afirmou em entrevista na quarta (20).<\/p>\n\n\n\n<p>Dilma tamb\u00e9m afirmou que, para que houvesse uma hegemonia neoliberal, foi preciso enfraquecer os partidos, o que permitiu o surgimento da extrema-direita. &#8220;N\u00f3s somos diferentes do resto do mundo numa coisa, aqui o neofascismo tomou o governo, aqui ele teve uma vit\u00f3ria&#8221;, afirmou.<\/p>\n\n\n\n<p><strong>LEIA MAIS<\/strong>:&nbsp;<a href=\"https:\/\/www.clickpb.com.br\/politica\/pt-faz-congresso-com-lula-solto-e-vai-discutir-2020-e-oposicao-bolsonaro-272524.html\">PT faz congresso com Lula solto e vai discutir 2020 e oposi\u00e7\u00e3o a Bolsonaro<\/a><br><\/p>\n\n\n\n<p>&#8220;O que mostra o verdadeiro car\u00e1ter do neoliberalismo, que \u00e9 excludente, concentrador de renda, antissocial, antipopular, mas sobretudo no caso do Brasil. [&#8230;] Nossa luta democr\u00e1tica pela elei\u00e7\u00e3o n\u00e3o \u00e9 s\u00f3 uma luta contra o neofascismo, \u00e9 uma luta contra o neoliberalismo e a desigualdade.&#8221;<\/p>\n\n\n\n<p>Dilma falou em palestra que tinha como foco a Am\u00e9rica Latina e da qual participaram Gleisi, Fernando Haddad, Celso Amorim, ex-ministro das Rela\u00e7\u00f5es Exteriores, e Jos\u00e9 Luis Rodrigues Zapatero, ex-primeiro-ministro da Espanha, entre outros.<\/p>\n\n\n\n<p><a href=\"https:\/\/www.clickpb.com.br\/mundo\/evo-errou-ao-tentar-4-mandato-mas-o-que-fizeram-com-ele-foi-golpe-diz-lula-272523.html\">A ex-presidente afirmou que vivemos a volta dos golpes de Estado tradicionais ao comentar a situa\u00e7\u00e3o da Bol\u00edvia com a ren\u00fancia de Evo Morales<\/a>. Para a petista, h\u00e1 interfer\u00eancia dos EUA e uma tentativa de reenquadrar a Am\u00e9rica Latina como seu quintal.<\/p>\n\n\n\n<p>Ap\u00f3s a palestra de Dilma, os cerca de 800 delegados do congresso, al\u00e9m de militantes e convidados, aguardavam pelo discurso de Lula na Casa de Portugal.<\/p>\n\n\n\n<p>Ap\u00f3s decis\u00e3o do Supremo Tribunal Federal contra a pris\u00e3o de condenados antes do tr\u00e2nsito em julgado (fim dos recursos) e que permitiu a soltura de Lula, a presen\u00e7a do ex-presidente fez com que o congresso do partido tivesse que ser repensado. A dire\u00e7\u00e3o do PT tentou mover \u00e0s pressas a abertura para a pra\u00e7a da Rep\u00fablica, mas problemas de log\u00edstica e chuva impediram.<\/p>\n\n\n\n<p>Petistas da c\u00fapula do partido esperam que o discurso de Lula seja mais elaborado e pensado do que os anteriores, considerados um desabafo de quem esteve 580 dias preso. A ideia, dizem, \u00e9 olhar mais para frente do que para tr\u00e1s e oferecer uma alternativa ao pa\u00eds, com foco em economia, soberania e democracia.<\/p>\n\n\n\n<p>H\u00e1 ainda uma preocupa\u00e7\u00e3o de que Lula n\u00e3o fa\u00e7a ataques diretos a Bolsonaro, o que faria o presidente crescer em sua base.<\/p>\n\n\n\n<p>O congresso do PT discutir\u00e1, entre outros assuntos, as alian\u00e7as para a elei\u00e7\u00e3o de 2020 e a oposi\u00e7\u00e3o a Bolsonaro.<\/p>\n\n\n\n<p>Lula j\u00e1 enfatizou a necessidade de que o partido tenha candidaturas pr\u00f3prias no maior n\u00famero de cidades e lance seus melhores quadros. A estrat\u00e9gia \u00e9 usar as campanhas petistas e o tempo de TV em 2020 para fazer uma defesa do partido, do seu legado e dele pr\u00f3prio em meio aos processos da Lava Jato.<\/p>\n\n\n\n<p>A forma de organizar a oposi\u00e7\u00e3o ao governo federal tamb\u00e9m ser\u00e1 tema do congresso. Ao final, o PT apresenta uma resolu\u00e7\u00e3o que guia os rumos do partido. O documento ter\u00e1 como base a tese defendida pela corrente majorit\u00e1ria do PT, a CNB (Construindo um Novo Brasil).<\/p>\n\n\n\n<p>L\u00edderes da corrente dizem que pedir impeachment ser\u00e1 palavra vazia, pois n\u00e3o h\u00e1 crime de responsabilidade nem mobiliza\u00e7\u00e3o social ou maioria parlamentar para dar sustenta\u00e7\u00e3o a isso.<\/p>\n\n\n\n<p>A tese da CNB, que ser\u00e1 debatida pelos petistas e pode receber altera\u00e7\u00f5es, fala em buscar o centro numa ampla frente contra Bolsonaro.<\/p>\n\n\n\n<p>Gleisi afirmou que as prioridades do partido ser\u00e3o &#8220;fazer a mais firme oposi\u00e7\u00e3o ao governo Bolsonaro, que est\u00e1 destruindo o pa\u00eds; apresentar propostas para superar a grave crise que faz o povo sofrer e fortalecer o partido nas elei\u00e7\u00f5es municipais&#8221;.<\/p>\n","protected":false},"excerpt":{"rendered":"<p>Com a perspectiva de repeti\u00e7\u00e3o do antagonismo visto na elei\u00e7\u00e3o de 2018 entre Jair Bolsonaro e Lula, agora solto, a ex-presidente Dilma Rousseff (PT) afirmou&hellip; <\/p>\n","protected":false},"author":1,"featured_media":14417,"comment_status":"closed","ping_status":"closed","sticky":false,"template":"","format":"standard","meta":{"sfsi_plus_gutenberg_text_before_share":"","sfsi_plus_gutenberg_show_text_before_share":"","sfsi_plus_gutenberg_icon_type":"","sfsi_plus_gutenberg_icon_alignemt":"","sfsi_plus_gutenburg_max_per_row":"","footnotes":""},"categories":[11],"tags":[],"class_list":["post-137411","post","type-post","status-publish","format-standard","has-post-thumbnail","hentry","category-politica"],"_links":{"self":[{"href":"https:\/\/www.caririemacao.com\/1\/wp-json\/wp\/v2\/posts\/137411","targetHints":{"allow":["GET"]}}],"collection":[{"href":"https:\/\/www.caririemacao.com\/1\/wp-json\/wp\/v2\/posts"}],"about":[{"href":"https:\/\/www.caririemacao.com\/1\/wp-json\/wp\/v2\/types\/post"}],"author":[{"embeddable":true,"href":"https:\/\/www.caririemacao.com\/1\/wp-json\/wp\/v2\/users\/1"}],"replies":[{"embeddable":true,"href":"https:\/\/www.caririemacao.com\/1\/wp-json\/wp\/v2\/comments?post=137411"}],"version-history":[{"count":1,"href":"https:\/\/www.caririemacao.com\/1\/wp-json\/wp\/v2\/posts\/137411\/revisions"}],"predecessor-version":[{"id":137413,"href":"https:\/\/www.caririemacao.com\/1\/wp-json\/wp\/v2\/posts\/137411\/revisions\/137413"}],"wp:featuredmedia":[{"embeddable":true,"href":"https:\/\/www.caririemacao.com\/1\/wp-json\/wp\/v2\/media\/14417"}],"wp:attachment":[{"href":"https:\/\/www.caririemacao.com\/1\/wp-json\/wp\/v2\/media?parent=137411"}],"wp:term":[{"taxonomy":"category","embeddable":true,"href":"https:\/\/www.caririemacao.com\/1\/wp-json\/wp\/v2\/categories?post=137411"},{"taxonomy":"post_tag","embeddable":true,"href":"https:\/\/www.caririemacao.com\/1\/wp-json\/wp\/v2\/tags?post=137411"}],"curies":[{"name":"wp","href":"https:\/\/api.w.org\/{rel}","templated":true}]}}