{"id":137416,"date":"2019-11-23T07:07:21","date_gmt":"2019-11-23T10:07:21","guid":{"rendered":"http:\/\/www.caririemacao.com\/1\/?p=137416"},"modified":"2019-11-23T07:07:21","modified_gmt":"2019-11-23T10:07:21","slug":"apos-esquecer-de-cabo-gilberto-bolsonaro-elogia-deputado-em-lancamento-de-partido-grande-aliado-da-paraiba","status":"publish","type":"post","link":"https:\/\/www.caririemacao.com\/1\/2019\/11\/23\/apos-esquecer-de-cabo-gilberto-bolsonaro-elogia-deputado-em-lancamento-de-partido-grande-aliado-da-paraiba\/","title":{"rendered":"Ap\u00f3s esquecer de Cabo Gilberto, Bolsonaro elogia deputado em lan\u00e7amento de partido: &#8220;grande aliado da Para\u00edba&#8221;"},"content":{"rendered":"\n<p>Durante o lan\u00e7amento do partido Alian\u00e7a pelo Brasil, o&nbsp;presidente Jair Bolsonaro deu enalteceu o deputado estadual Cabo Gilberto, que foi vitima de uma gafe do gestor, no in\u00edcio dessa semana, quando comentou que &#8216;N\u00e3o lembra de macho&#8217;, ao ser questionado pelo parlamentar se lembrava dele.&nbsp;<\/p>\n\n\n\n<p>Na solenidade de&nbsp;lan\u00e7amento da sigla, que&nbsp;aconteceu em um hotel de Bras\u00edlia, nesta quinta-feira (22), Bolsonaro disse que o parlamentar \u00e9 um grande aliado &#8216;sincero e uma pessoa que tem um mar de oportunidades para seu estado&#8221;, explicou.&nbsp;&nbsp;&nbsp;<\/p>\n\n\n\n<p>A nova legenda ainda depende da coleta de assinaturas&nbsp;e de registro no Tribunal Superior Eleitoral.&nbsp;<\/p>\n\n\n\n<p>Jair Bolsonaro comentou ainda a&nbsp;gafe ocorrida na quarta-feira (20), quando em meio a in\u00fameras pessoas,&nbsp;n\u00e3o reconheceu o deputado estadual, dizendo: &#8221; A \u00fanica pessoa que eu vi uma vez e n\u00e3o esqueci foi a minha esposa&#8221;, disse sorrindo.&nbsp;<\/p>\n\n\n\n<figure><iframe width=\"500\" height=\"281\" data-src=\"https:\/\/www.youtube.com\/embed\/DbtyzumJ8fQ\" allowfullscreen=\"\" src=\"data:image\/svg+xml;base64,PHN2ZyB3aWR0aD0iMSIgaGVpZ2h0PSIxIiB4bWxucz0iaHR0cDovL3d3dy53My5vcmcvMjAwMC9zdmciPjwvc3ZnPg==\" class=\"lazyload\" data-load-mode=\"1\"><\/iframe><\/figure>\n","protected":false},"excerpt":{"rendered":"<p>Durante o lan\u00e7amento do partido Alian\u00e7a pelo Brasil, o&nbsp;presidente Jair Bolsonaro deu enalteceu o deputado estadual Cabo Gilberto, que foi vitima de uma gafe do&hellip; <\/p>\n","protected":false},"author":1,"featured_media":137417,"comment_status":"closed","ping_status":"closed","sticky":false,"template":"","format":"standard","meta":{"sfsi_plus_gutenberg_text_before_share":"","sfsi_plus_gutenberg_show_text_before_share":"","sfsi_plus_gutenberg_icon_type":"","sfsi_plus_gutenberg_icon_alignemt":"","sfsi_plus_gutenburg_max_per_row":"","footnotes":""},"categories":[11],"tags":[],"class_list":["post-137416","post","type-post","status-publish","format-standard","has-post-thumbnail","hentry","category-politica"],"_links":{"self":[{"href":"https:\/\/www.caririemacao.com\/1\/wp-json\/wp\/v2\/posts\/137416","targetHints":{"allow":["GET"]}}],"collection":[{"href":"https:\/\/www.caririemacao.com\/1\/wp-json\/wp\/v2\/posts"}],"about":[{"href":"https:\/\/www.caririemacao.com\/1\/wp-json\/wp\/v2\/types\/post"}],"author":[{"embeddable":true,"href":"https:\/\/www.caririemacao.com\/1\/wp-json\/wp\/v2\/users\/1"}],"replies":[{"embeddable":true,"href":"https:\/\/www.caririemacao.com\/1\/wp-json\/wp\/v2\/comments?post=137416"}],"version-history":[{"count":1,"href":"https:\/\/www.caririemacao.com\/1\/wp-json\/wp\/v2\/posts\/137416\/revisions"}],"predecessor-version":[{"id":137418,"href":"https:\/\/www.caririemacao.com\/1\/wp-json\/wp\/v2\/posts\/137416\/revisions\/137418"}],"wp:featuredmedia":[{"embeddable":true,"href":"https:\/\/www.caririemacao.com\/1\/wp-json\/wp\/v2\/media\/137417"}],"wp:attachment":[{"href":"https:\/\/www.caririemacao.com\/1\/wp-json\/wp\/v2\/media?parent=137416"}],"wp:term":[{"taxonomy":"category","embeddable":true,"href":"https:\/\/www.caririemacao.com\/1\/wp-json\/wp\/v2\/categories?post=137416"},{"taxonomy":"post_tag","embeddable":true,"href":"https:\/\/www.caririemacao.com\/1\/wp-json\/wp\/v2\/tags?post=137416"}],"curies":[{"name":"wp","href":"https:\/\/api.w.org\/{rel}","templated":true}]}}