{"id":137426,"date":"2019-11-23T07:11:40","date_gmt":"2019-11-23T10:11:40","guid":{"rendered":"http:\/\/www.caririemacao.com\/1\/?p=137426"},"modified":"2019-11-23T07:11:40","modified_gmt":"2019-11-23T10:11:40","slug":"libertadores-jorge-jesus-diz-que-flamengo-chega-confiante-a-final","status":"publish","type":"post","link":"https:\/\/www.caririemacao.com\/1\/2019\/11\/23\/libertadores-jorge-jesus-diz-que-flamengo-chega-confiante-a-final\/","title":{"rendered":"Libertadores: Jorge Jesus diz que Flamengo chega confiante \u00e0 final"},"content":{"rendered":"\n<p>Nesta sexta (22), um dia antes da disputa da final da Copa Libertadores no Est\u00e1dio Monumental de Lima (Peru), Flamengo e River Plate (Argentina) cumpriram o tradicional ritual de qualquer grande evento esportivo: concederam coletivas e realizaram treinos de reconhecimento.<\/p>\n\n\n\n<p>Representando o Flamengo, o t\u00e9cnico portugu\u00eas Jorge Jesus e o meia \u00c9verton Ribeiro conversaram com a imprensa. E o comandante da equipe rubro-negra expressou sua alegria e confian\u00e7a para o jogo contra o River.<\/p>\n\n\n\n<figure class=\"wp-block-image\"><img decoding=\"async\" data-src=\"http:\/\/imagens.ebc.com.br\/pMyAhR3rsdQOgY8T6S9ZXyY-Hb8=\/754x0\/smart\/http:\/\/agenciabrasil.ebc.com.br\/sites\/default\/files\/thumbnails\/image\/2019-11-22t231934z_607494885_rc2ngd9d424x_rtrmadp_3_soccer-libertadores-fla-riv-preview.jpg?itok=67OjmEr7\" alt=\"Soccer Football - Copa Libertadores - Flamengo Stadium Visit - Monumental Stadium, Lima, Peru - November 22, 2019   Flamengo coach Jorge Jesus during the stadium visit  REUTERS\/Henry Romero\" src=\"data:image\/svg+xml;base64,PHN2ZyB3aWR0aD0iMSIgaGVpZ2h0PSIxIiB4bWxucz0iaHR0cDovL3d3dy53My5vcmcvMjAwMC9zdmciPjwvc3ZnPg==\" class=\"lazyload\" \/><\/figure>\n\n\n\n<p>Jorge Jesus confia em boa atua\u00e7\u00e3o do Flamengo &#8211;&nbsp;<strong>HENRY ROMERO<\/strong><\/p>\n\n\n\n<p>\u201cTemos a felicidade de estar amanh\u00e3 na final da Libertadores com muita confian\u00e7a, sabemos que vamos encontrar um rival muito forte, com mais experi\u00eancia nesta competi\u00e7\u00e3o do que n\u00f3s. Mas isso n\u00e3o nos assusta, sabemos o nosso valor e tamb\u00e9m acreditamos naquilo que somos capazes de fazer\u201d, declarou Jorge Jesus.<\/p>\n\n\n\n<h2 class=\"wp-block-heading\">Na\u00e7\u00e3o atr\u00e1s de um sonho<\/h2>\n\n\n\n<p>O treinador tamb\u00e9m disse que, desde a sua chegada ao time carioca, confiava em uma classifica\u00e7\u00e3o para a final da competi\u00e7\u00e3o: \u201cNo dia em que decidi treinar o Flamengo eu disse para minha comiss\u00e3o, preparem as malas vamos para o Brasil e vamos ser finalistas da Libertadores\u201d.<\/p>\n\n\n\n<p>E ao ser questionado sobre o que representava uma poss\u00edvel conquista do t\u00edtulo sul-americano, Jorge Jesus afirmou que ele conduzia \u201cuma na\u00e7\u00e3o atr\u00e1s de um sonho\u201d.<\/p>\n\n\n\n<figure class=\"wp-block-image\"><img decoding=\"async\" data-src=\"http:\/\/imagens.ebc.com.br\/OTQpxeEiTFh8wMHSBuc_T8EJIno=\/754x0\/smart\/http:\/\/agenciabrasil.ebc.com.br\/sites\/default\/files\/thumbnails\/image\/2019-11-21t171353z_645383267_rc2tfd9zp8bd_rtrmadp_3_soccer-libertadores-fla-riv-preview.jpg?itok=GyuOXIK4\" alt=\"Soccer Football - Copa Libertadores - Flamengo Training - La Videna, Lima, Peru - November 21, 2019   Flamengo&#039;s Vitinho during training   REUTERS\/Guadalupe Pardo\" src=\"data:image\/svg+xml;base64,PHN2ZyB3aWR0aD0iMSIgaGVpZ2h0PSIxIiB4bWxucz0iaHR0cDovL3d3dy53My5vcmcvMjAwMC9zdmciPjwvc3ZnPg==\" class=\"lazyload\" \/><\/figure>\n\n\n\n<p>Flamengo realiza treino em Lima para decis\u00e3o continental &#8211;&nbsp;<strong>Guadalupe Pardo<\/strong><\/p>\n\n\n\n<h2 class=\"wp-block-heading\">Times escalados<\/h2>\n\n\n\n<p>Quando um jornalista perguntou sobre a poss\u00edvel escala\u00e7\u00e3o para a final o treinador n\u00e3o escondeu o jogo e falou que iria colocar em campo a sua equipe titular: Diego Alves; Rafinha, Rodrigo Caio, Pablo Mar\u00ed e Filipe Lu\u00eds; Willian Ar\u00e3o, G\u00e9rson e \u00c9verton Ribeiro; Arrascaeta, Gabigol e Bruno Henrique.<\/p>\n\n\n\n<p>Assim como o t\u00e9cnico do Flamengo, o treinador argentino Marcelo Gallardo anunciou a escala\u00e7\u00e3o do River para a decis\u00e3o: Armani; Montiel, Mart\u00ednez, Pinola e Casco; Nacho Fern\u00e1ndez, Enzo P\u00e9rez, Palacios e De La Cruz; Borr\u00e9 e Su\u00e1rez.<\/p>\n\n\n\n<figure class=\"wp-block-image\"><img decoding=\"async\" data-src=\"http:\/\/imagens.ebc.com.br\/g1Jq-iyT0lnfakTbsHbWiEoUM3Q=\/754x0\/smart\/http:\/\/agenciabrasil.ebc.com.br\/sites\/default\/files\/thumbnails\/image\/2019-11-22t220523z_607515608_rc2mgd93wx45_rtrmadp_3_soccer-libertadores-fla-riv-preview.jpg?itok=V51FC9Gj\" alt=\"Soccer Football - Copa Libertadores - River Plate Stadium Visit - Monumental Stadium, Lima, Peru - November 22, 2019   River Plate players pose for a team group photo during training     REUTERS\/Henry Romero\" src=\"data:image\/svg+xml;base64,PHN2ZyB3aWR0aD0iMSIgaGVpZ2h0PSIxIiB4bWxucz0iaHR0cDovL3d3dy53My5vcmcvMjAwMC9zdmciPjwvc3ZnPg==\" class=\"lazyload\" \/><\/figure>\n\n\n\n<p>T\u00e9cnico do River revela jogadores que estar\u00e3o na final &#8211;&nbsp;<strong>HENRY ROMERO<\/strong><\/p>\n\n\n\n<h2 class=\"wp-block-heading\">Uma final inesquec\u00edvel<\/h2>\n\n\n\n<p>Ao ser perguntado o que representava enfrentar o Flamengo na final da Libertadores, Gallardo disse: \u201cJ\u00e1 vivemos uma experiencia inesquec\u00edvel, na final do ano passado contra nosso arquirrival [Boca Juniors], essa \u00e9 uma segunda experi\u00eancia inesquec\u00edvel para todos os torcedores do River e para a hist\u00f3ria da Copa Libertadores\u201d.<\/p>\n\n\n\n<figure class=\"wp-block-image\"><img decoding=\"async\" data-src=\"http:\/\/imagens.ebc.com.br\/MmPwPp-RiDrPLl71G0e76kZ_OIQ=\/754x0\/smart\/http:\/\/agenciabrasil.ebc.com.br\/sites\/default\/files\/thumbnails\/image\/2019-11-22t215142z_1636972659_rc2lgd9ififg_rtrmadp_3_soccer-libertadores-fla-riv-preview.jpg?itok=y34q6qFj\" alt=\"Soccer Football - Copa Libertadores - River Plate Stadium Visit - Monumental Stadium, Lima, Peru - November 22, 2019   River Plate coach Marcelo Gallardo during training     REUTERS\/Henry Romero\" src=\"data:image\/svg+xml;base64,PHN2ZyB3aWR0aD0iMSIgaGVpZ2h0PSIxIiB4bWxucz0iaHR0cDovL3d3dy53My5vcmcvMjAwMC9zdmciPjwvc3ZnPg==\" class=\"lazyload\" \/><\/figure>\n\n\n\n<p>T\u00e9cnico Marcelo Gallardo demonstra confian\u00e7a no River na final da Libertadores &#8211;&nbsp;<strong>HENRY ROMERO<\/strong><\/p>\n\n\n\n<p>Na conversa o t\u00e9cnico argentino deixou claro que, na decis\u00e3o deste s\u00e1bado, seu time far\u00e1 valer a condi\u00e7\u00e3o de atual campe\u00e3o do torneio: \u201cSomos o \u00faltimo campe\u00e3o da Am\u00e9rica, e vamos fazer valer isto. Isto contra um rival muito forte, que mostrou que tamb\u00e9m tem capacidade de conquistar o t\u00edtulo\u201d.<\/p>\n\n\n\n<p>Voc\u00ea acompanha Flamengo e River Plate, na&nbsp;<a href=\"http:\/\/radios.ebc.com.br\/nacionalrioam\">R\u00e1dio Nacional<\/a>&nbsp;(1330 AM), no pr\u00f3ximo s\u00e1bado a partir das 15h30 (hor\u00e1rio de Bras\u00edlia).<\/p>\n","protected":false},"excerpt":{"rendered":"<p>Nesta sexta (22), um dia antes da disputa da final da Copa Libertadores no Est\u00e1dio Monumental de Lima (Peru), Flamengo e River Plate (Argentina) cumpriram&hellip; <\/p>\n","protected":false},"author":1,"featured_media":137427,"comment_status":"closed","ping_status":"closed","sticky":false,"template":"","format":"standard","meta":{"sfsi_plus_gutenberg_text_before_share":"","sfsi_plus_gutenberg_show_text_before_share":"","sfsi_plus_gutenberg_icon_type":"","sfsi_plus_gutenberg_icon_alignemt":"","sfsi_plus_gutenburg_max_per_row":"","footnotes":""},"categories":[13],"tags":[],"class_list":["post-137426","post","type-post","status-publish","format-standard","has-post-thumbnail","hentry","category-esportes"],"_links":{"self":[{"href":"https:\/\/www.caririemacao.com\/1\/wp-json\/wp\/v2\/posts\/137426","targetHints":{"allow":["GET"]}}],"collection":[{"href":"https:\/\/www.caririemacao.com\/1\/wp-json\/wp\/v2\/posts"}],"about":[{"href":"https:\/\/www.caririemacao.com\/1\/wp-json\/wp\/v2\/types\/post"}],"author":[{"embeddable":true,"href":"https:\/\/www.caririemacao.com\/1\/wp-json\/wp\/v2\/users\/1"}],"replies":[{"embeddable":true,"href":"https:\/\/www.caririemacao.com\/1\/wp-json\/wp\/v2\/comments?post=137426"}],"version-history":[{"count":1,"href":"https:\/\/www.caririemacao.com\/1\/wp-json\/wp\/v2\/posts\/137426\/revisions"}],"predecessor-version":[{"id":137428,"href":"https:\/\/www.caririemacao.com\/1\/wp-json\/wp\/v2\/posts\/137426\/revisions\/137428"}],"wp:featuredmedia":[{"embeddable":true,"href":"https:\/\/www.caririemacao.com\/1\/wp-json\/wp\/v2\/media\/137427"}],"wp:attachment":[{"href":"https:\/\/www.caririemacao.com\/1\/wp-json\/wp\/v2\/media?parent=137426"}],"wp:term":[{"taxonomy":"category","embeddable":true,"href":"https:\/\/www.caririemacao.com\/1\/wp-json\/wp\/v2\/categories?post=137426"},{"taxonomy":"post_tag","embeddable":true,"href":"https:\/\/www.caririemacao.com\/1\/wp-json\/wp\/v2\/tags?post=137426"}],"curies":[{"name":"wp","href":"https:\/\/api.w.org\/{rel}","templated":true}]}}