{"id":137430,"date":"2019-11-23T07:13:46","date_gmt":"2019-11-23T10:13:46","guid":{"rendered":"http:\/\/www.caririemacao.com\/1\/?p=137430"},"modified":"2019-11-23T07:13:46","modified_gmt":"2019-11-23T10:13:46","slug":"petrobras-anuncia-aumento-no-preco-do-gas-de-cozinha","status":"publish","type":"post","link":"https:\/\/www.caririemacao.com\/1\/2019\/11\/23\/petrobras-anuncia-aumento-no-preco-do-gas-de-cozinha\/","title":{"rendered":"Petrobras anuncia aumento no pre\u00e7o do g\u00e1s de cozinha"},"content":{"rendered":"\n<p>A Petrobras anunciou nesta sexta-feira (22) reajuste m\u00e9dio de 4% no pre\u00e7o do g\u00e1s de cozinha para venda em botij\u00e3o de 13 quilos, mais usado por cientes residenciais. A companhia tamb\u00e9m aumentar\u00e1 o produto para venda em grandes botij\u00f5es ou a granel em 0,6%, em m\u00e9dia.<\/p>\n\n\n\n<p>Com os ajustes, a empresa elimina de vez a diferen\u00e7a de pre\u00e7os entre os dois produtos, vigente desde o primeiro governo Lula. A equipara\u00e7\u00e3o dos pre\u00e7os era uma demanda do mercado e foi aprovada pelo governo Jair Bolsonaro em agosto.<\/p>\n\n\n\n<p>Trata-se do segundo aumento seguido no pre\u00e7o do g\u00e1s para botij\u00f5es de 13 quilos -em outubro, houve alta m\u00e9dia de 5%. Ap\u00f3s cinco ajustes no ano (quatro aumentos e uma queda de 8,2%), o combust\u00edvel tem alta acumulada de 4,8%.<br>Os repasses para o consumidor dependem da pol\u00edtica comercial de distribuidoras e revendedores. O pre\u00e7o de venda nas refinarias da Petrobras representa cerca de 40% do pre\u00e7o final do botij\u00e3o. O resto s\u00e3o margens de lucro e impostos.<\/p>\n\n\n\n<p>A pol\u00edtica de pre\u00e7os da Petrobras prev\u00ea o acompanhamento de longo prazo das cota\u00e7\u00f5es internacionais, usando m\u00e9dias de 12 meses, com o objetivo de evitar o repasse ao consumidor brasileiro de efeitos sazonais, como aumento do consumo durante o inverno no hemisf\u00e9rio norte.<\/p>\n\n\n\n<p>Desde 2005, por determina\u00e7\u00e3o do CNPE (Conselho Nacional de Pol\u00edtica Energ\u00e9tica), a empresa tinha que praticar pre\u00e7os diferentes para cada tipo de consumo, em uma pol\u00edtica que tinha por objetivo ajudar fam\u00edlias de baixa renda.<\/p>\n\n\n\n<p>Autoridades do setor energ\u00e9tico tentam mudar a pol\u00edtica desde o governo Michel Temer. Em agosto, o CNPE revogou a portaria de 2005, liberando a estatal para equalizar os pre\u00e7os, sob o argumento de que a pol\u00edtica anterior causava distor\u00e7\u00f5es e afugentava investidores.<\/p>\n\n\n\n<p>O governo argumenta que cerca de 70% do volume de g\u00e1s de cozinha vendido no pa\u00eds tem como destino o envase em botij\u00f5es de 13 quilos, o que indica que o produto n\u00e3o \u00e9 consumido apenas pela popula\u00e7\u00e3o de baixa renda.<br>Para as empresas do setor, a distor\u00e7\u00e3o gerada pela diferen\u00e7a de pre\u00e7os inviabilizava investimentos em infraestrutura para importar o combust\u00edvel, cujo fornecimento ainda \u00e9 quase totalmente controlado pela Petrobras.<\/p>\n\n\n\n<p>Em agosto, a holandesa Vopak venceu licita\u00e7\u00e3o para construir um novo parque de tancagem para o combust\u00edvel no terminal de Pec\u00e9m, o que pode viabilizar a importa\u00e7\u00e3o por terceiros. No mesmo m\u00eas, a Copagaz fechou acordo para trazer o produto da Bol\u00edvia por caminh\u00f5es.<\/p>\n\n\n\n<p>O fim da diferen\u00e7a de pre\u00e7os foi anunciado na mesma semana em que a Petrobras assinou contrato de venda de sua subsidi\u00e1ria de distribui\u00e7\u00e3o de g\u00e1s de cozinha, a Liquig\u00e1s, a cons\u00f3rcio formado por Copagaz, Ita\u00fasa e Nacional G\u00e1s Butano.<\/p>\n\n\n\n<p>O neg\u00f3cio, de R$ 3,7 bilh\u00f5es, ainda depende de aprova\u00e7\u00e3o do Cade (Conselho Administrativo de Defesa Econ\u00f4mica) e deve elevar a Copagaz \u00e0 lideran\u00e7a entre as empresas do setor.<\/p>\n","protected":false},"excerpt":{"rendered":"<p>A Petrobras anunciou nesta sexta-feira (22) reajuste m\u00e9dio de 4% no pre\u00e7o do g\u00e1s de cozinha para venda em botij\u00e3o de 13 quilos, mais usado&hellip; <\/p>\n","protected":false},"author":1,"featured_media":96286,"comment_status":"closed","ping_status":"closed","sticky":false,"template":"","format":"standard","meta":{"sfsi_plus_gutenberg_text_before_share":"","sfsi_plus_gutenberg_show_text_before_share":"","sfsi_plus_gutenberg_icon_type":"","sfsi_plus_gutenberg_icon_alignemt":"","sfsi_plus_gutenburg_max_per_row":"","footnotes":""},"categories":[2],"tags":[],"class_list":["post-137430","post","type-post","status-publish","format-standard","has-post-thumbnail","hentry","category-geral"],"_links":{"self":[{"href":"https:\/\/www.caririemacao.com\/1\/wp-json\/wp\/v2\/posts\/137430","targetHints":{"allow":["GET"]}}],"collection":[{"href":"https:\/\/www.caririemacao.com\/1\/wp-json\/wp\/v2\/posts"}],"about":[{"href":"https:\/\/www.caririemacao.com\/1\/wp-json\/wp\/v2\/types\/post"}],"author":[{"embeddable":true,"href":"https:\/\/www.caririemacao.com\/1\/wp-json\/wp\/v2\/users\/1"}],"replies":[{"embeddable":true,"href":"https:\/\/www.caririemacao.com\/1\/wp-json\/wp\/v2\/comments?post=137430"}],"version-history":[{"count":1,"href":"https:\/\/www.caririemacao.com\/1\/wp-json\/wp\/v2\/posts\/137430\/revisions"}],"predecessor-version":[{"id":137431,"href":"https:\/\/www.caririemacao.com\/1\/wp-json\/wp\/v2\/posts\/137430\/revisions\/137431"}],"wp:featuredmedia":[{"embeddable":true,"href":"https:\/\/www.caririemacao.com\/1\/wp-json\/wp\/v2\/media\/96286"}],"wp:attachment":[{"href":"https:\/\/www.caririemacao.com\/1\/wp-json\/wp\/v2\/media?parent=137430"}],"wp:term":[{"taxonomy":"category","embeddable":true,"href":"https:\/\/www.caririemacao.com\/1\/wp-json\/wp\/v2\/categories?post=137430"},{"taxonomy":"post_tag","embeddable":true,"href":"https:\/\/www.caririemacao.com\/1\/wp-json\/wp\/v2\/tags?post=137430"}],"curies":[{"name":"wp","href":"https:\/\/api.w.org\/{rel}","templated":true}]}}