{"id":137439,"date":"2019-11-23T10:18:05","date_gmt":"2019-11-23T13:18:05","guid":{"rendered":"http:\/\/www.caririemacao.com\/1\/?p=137439"},"modified":"2019-11-23T10:18:05","modified_gmt":"2019-11-23T13:18:05","slug":"ministro-de-bolsonaro-tem-sigilos-bancario-e-fiscal-quebrados-pela-justica","status":"publish","type":"post","link":"https:\/\/www.caririemacao.com\/1\/2019\/11\/23\/ministro-de-bolsonaro-tem-sigilos-bancario-e-fiscal-quebrados-pela-justica\/","title":{"rendered":"Ministro de Bolsonaro tem sigilos banc\u00e1rio e fiscal quebrados pela Justi\u00e7a"},"content":{"rendered":"\n<p>O TJ-SP (Tribunal de Justi\u00e7a de S\u00e3o Paulo), atrav\u00e9s da 10\u00aa C\u00e2mara de Direito P\u00fablico, determinou na segunda-feira (18) a quebra dos sigilos fiscal e banc\u00e1rio do atual ministro do Meio Ambiente, Ricardo Salles (Novo).<\/p>\n\n\n\n<p>O pedido veio do Minist\u00e9rio P\u00fablico, que o investiga por um poss\u00edvel enriquecimento il\u00edcito no per\u00edodo em que Salles trabalhou no governo Alckmin (PSDB), em S\u00e3o Paulo, onde ocupou a secretaria particular do governador (2013-2014) e tamb\u00e9m o cargo de secret\u00e1rio estadual de meio ambiente (2016-2017).<\/p>\n\n\n\n<p>Neste per\u00edodo, o patrim\u00f4nio do atual ministro teve crescimento superior a 600% \u2013 foi de 1,4 milh\u00e3o, em 2012, para R$ 8,8 milh\u00f5es em 2018, segundo dados do TSE (Tribunal Superior Eleitoral).<\/p>\n\n\n\n<p>\u00c0 reportagem, Salles disse n\u00e3o ter receio sobre a an\u00e1lise de dados, j\u00e1 que as declara\u00e7\u00f5es de bens foram feitas por ele mesmo, quando se candidatou a vereador, em 2012, e a deputado federal, em 2018.<\/p>\n\n\n\n<p>Em janeiro, ele havia afirmado ao jornal Folha de S.Paulo que seu patrim\u00f4nio evoluiu por conta de um investimento bem feito. \u201cComprei este apartamento [um duplex] por R$ 2 milh\u00f5es, reformei e dividi em dois. Hoje eles valem R$ 6 milh\u00f5es\u201d, disse na \u00e9poca.<\/p>\n\n\n\n<p>A quebra de sigilo foi inicialmente publicada pelo jornal Estado de S. Paulo e confirmada pela reportagem. O processo corre em segredo de Justi\u00e7a.<\/p>\n\n\n\n<p>Salles j\u00e1 foi condenado em 1\u00aa inst\u00e2ncia na Justi\u00e7a por improbidade administrativa relativa ao per\u00edodo em que comandou a Secretaria Estadual de Meio Ambiente de S\u00e3o Paulo.<\/p>\n\n\n\n<p>Desde que assumiu o Minist\u00e9rio do Meio Ambiente, Salles tamb\u00e9m passou a colecionar processos movidos por entidades ambientalistas e servidores, junto ao Minist\u00e9rio P\u00fablico e \u00e0 Procuradoria-Geral da Rep\u00fablica, por ina\u00e7\u00e3o em casos como a fiscaliza\u00e7\u00e3o das queimadas na Amaz\u00f4nia, difama\u00e7\u00e3o dos seus funcion\u00e1rios e at\u00e9 mesmo de ONGs como o Greenpeace -que, no fim de outubro, entrou com queixa-crime no STF ap\u00f3s Salles ter insinuado pelo Twitter que a organiza\u00e7\u00e3o estaria por tr\u00e1s do vazamento de \u00f3leo no Nordeste.<\/p>\n","protected":false},"excerpt":{"rendered":"<p>O TJ-SP (Tribunal de Justi\u00e7a de S\u00e3o Paulo), atrav\u00e9s da 10\u00aa C\u00e2mara de Direito P\u00fablico, determinou na segunda-feira (18) a quebra dos sigilos fiscal e&hellip; <\/p>\n","protected":false},"author":1,"featured_media":135566,"comment_status":"closed","ping_status":"closed","sticky":false,"template":"","format":"standard","meta":{"sfsi_plus_gutenberg_text_before_share":"","sfsi_plus_gutenberg_show_text_before_share":"","sfsi_plus_gutenberg_icon_type":"","sfsi_plus_gutenberg_icon_alignemt":"","sfsi_plus_gutenburg_max_per_row":"","footnotes":""},"categories":[11],"tags":[],"class_list":["post-137439","post","type-post","status-publish","format-standard","has-post-thumbnail","hentry","category-politica"],"_links":{"self":[{"href":"https:\/\/www.caririemacao.com\/1\/wp-json\/wp\/v2\/posts\/137439","targetHints":{"allow":["GET"]}}],"collection":[{"href":"https:\/\/www.caririemacao.com\/1\/wp-json\/wp\/v2\/posts"}],"about":[{"href":"https:\/\/www.caririemacao.com\/1\/wp-json\/wp\/v2\/types\/post"}],"author":[{"embeddable":true,"href":"https:\/\/www.caririemacao.com\/1\/wp-json\/wp\/v2\/users\/1"}],"replies":[{"embeddable":true,"href":"https:\/\/www.caririemacao.com\/1\/wp-json\/wp\/v2\/comments?post=137439"}],"version-history":[{"count":1,"href":"https:\/\/www.caririemacao.com\/1\/wp-json\/wp\/v2\/posts\/137439\/revisions"}],"predecessor-version":[{"id":137441,"href":"https:\/\/www.caririemacao.com\/1\/wp-json\/wp\/v2\/posts\/137439\/revisions\/137441"}],"wp:featuredmedia":[{"embeddable":true,"href":"https:\/\/www.caririemacao.com\/1\/wp-json\/wp\/v2\/media\/135566"}],"wp:attachment":[{"href":"https:\/\/www.caririemacao.com\/1\/wp-json\/wp\/v2\/media?parent=137439"}],"wp:term":[{"taxonomy":"category","embeddable":true,"href":"https:\/\/www.caririemacao.com\/1\/wp-json\/wp\/v2\/categories?post=137439"},{"taxonomy":"post_tag","embeddable":true,"href":"https:\/\/www.caririemacao.com\/1\/wp-json\/wp\/v2\/tags?post=137439"}],"curies":[{"name":"wp","href":"https:\/\/api.w.org\/{rel}","templated":true}]}}