{"id":137444,"date":"2019-11-23T10:22:29","date_gmt":"2019-11-23T13:22:29","guid":{"rendered":"http:\/\/www.caririemacao.com\/1\/?p=137444"},"modified":"2019-11-23T10:22:29","modified_gmt":"2019-11-23T13:22:29","slug":"jair-bolsonaro-lamenta-morte-de-gugu-liberato","status":"publish","type":"post","link":"https:\/\/www.caririemacao.com\/1\/2019\/11\/23\/jair-bolsonaro-lamenta-morte-de-gugu-liberato\/","title":{"rendered":"Jair Bolsonaro lamenta morte de Gugu Liberato"},"content":{"rendered":"\n<p>O presidente Jair Bolsonaro lamentou neste s\u00e1bado (23), por meio de suas redes sociais, a morte do apresentador Gugu Liberato, aos 60 anos. Bolsonaro diz na publica\u00e7\u00e3o que o &#8220;pa\u00eds perde um dos maiores nomes da comunica\u00e7\u00e3o televisiva&#8221;.<\/p>\n\n\n\n<p>\u201dCom profundo pesar presto solidariedade \u00e0 fam\u00edlia do apresentador Gugu Liberato. O pa\u00eds perde um dos maiores nomes da comunica\u00e7\u00e3o televisiva, que por d\u00e9cadas levou informa\u00e7\u00e3o e alegria aos lares brasileiros. Que Deus o receba de bra\u00e7os abertos e conforte os cora\u00e7\u00f5es de todos\u201d.<\/p>\n\n\n\n<figure class=\"wp-block-image\"><img decoding=\"async\" data-src=\"https:\/\/www.clickpb.com.br\/media\/filer_public\/bd\/33\/bd33ed79-3cba-4ee0-8b49-80bfb036c657\/bolsonaro_gugu.png\" alt=\"\" src=\"data:image\/svg+xml;base64,PHN2ZyB3aWR0aD0iMSIgaGVpZ2h0PSIxIiB4bWxucz0iaHR0cDovL3d3dy53My5vcmcvMjAwMC9zdmciPjwvc3ZnPg==\" class=\"lazyload\" \/><\/figure>\n\n\n\n<p>Al\u00e9m do presidente,&nbsp;Eduardo Bolsonaro &nbsp;tamb\u00e9m lamentou a morte de Gugu Liberato.&nbsp; O deputado diz que lembra de Gugu na d\u00e9cada de 90 quando a \u201cTV n\u00e3o era chata como hoje e todo mundo se divertia\u201d.<\/p>\n\n\n\n<p>Gugu teve a&nbsp;<a href=\"https:\/\/www.clickpb.com.br\/televisao\/apresentador-gugu-liberato-tem-morte-confirmada-272567.html\">morte confirmada, na noite desta sexta-feira (22)<\/a>, ap\u00f3s sofrer uma queda de uma altura de 4 metros na sua casa em Orlando. O acidente acontece na quarta-feira (20), quando o apresentador estava no s\u00f3t\u00e3o da casa ajeitando o aparelho do ar condicionado e o gesso cedeu provocando a queda.<\/p>\n","protected":false},"excerpt":{"rendered":"<p>O presidente Jair Bolsonaro lamentou neste s\u00e1bado (23), por meio de suas redes sociais, a morte do apresentador Gugu Liberato, aos 60 anos. Bolsonaro diz&hellip; <\/p>\n","protected":false},"author":1,"featured_media":131966,"comment_status":"closed","ping_status":"closed","sticky":false,"template":"","format":"standard","meta":{"sfsi_plus_gutenberg_text_before_share":"","sfsi_plus_gutenberg_show_text_before_share":"","sfsi_plus_gutenberg_icon_type":"","sfsi_plus_gutenberg_icon_alignemt":"","sfsi_plus_gutenburg_max_per_row":"","footnotes":""},"categories":[2],"tags":[],"class_list":["post-137444","post","type-post","status-publish","format-standard","has-post-thumbnail","hentry","category-geral"],"_links":{"self":[{"href":"https:\/\/www.caririemacao.com\/1\/wp-json\/wp\/v2\/posts\/137444","targetHints":{"allow":["GET"]}}],"collection":[{"href":"https:\/\/www.caririemacao.com\/1\/wp-json\/wp\/v2\/posts"}],"about":[{"href":"https:\/\/www.caririemacao.com\/1\/wp-json\/wp\/v2\/types\/post"}],"author":[{"embeddable":true,"href":"https:\/\/www.caririemacao.com\/1\/wp-json\/wp\/v2\/users\/1"}],"replies":[{"embeddable":true,"href":"https:\/\/www.caririemacao.com\/1\/wp-json\/wp\/v2\/comments?post=137444"}],"version-history":[{"count":1,"href":"https:\/\/www.caririemacao.com\/1\/wp-json\/wp\/v2\/posts\/137444\/revisions"}],"predecessor-version":[{"id":137445,"href":"https:\/\/www.caririemacao.com\/1\/wp-json\/wp\/v2\/posts\/137444\/revisions\/137445"}],"wp:featuredmedia":[{"embeddable":true,"href":"https:\/\/www.caririemacao.com\/1\/wp-json\/wp\/v2\/media\/131966"}],"wp:attachment":[{"href":"https:\/\/www.caririemacao.com\/1\/wp-json\/wp\/v2\/media?parent=137444"}],"wp:term":[{"taxonomy":"category","embeddable":true,"href":"https:\/\/www.caririemacao.com\/1\/wp-json\/wp\/v2\/categories?post=137444"},{"taxonomy":"post_tag","embeddable":true,"href":"https:\/\/www.caririemacao.com\/1\/wp-json\/wp\/v2\/tags?post=137444"}],"curies":[{"name":"wp","href":"https:\/\/api.w.org\/{rel}","templated":true}]}}