{"id":137449,"date":"2019-11-23T10:35:44","date_gmt":"2019-11-23T13:35:44","guid":{"rendered":"http:\/\/www.caririemacao.com\/1\/?p=137449"},"modified":"2019-11-23T10:35:44","modified_gmt":"2019-11-23T13:35:44","slug":"forum-internacional-discute-desafios-para-governanca-da-internet","status":"publish","type":"post","link":"https:\/\/www.caririemacao.com\/1\/2019\/11\/23\/forum-internacional-discute-desafios-para-governanca-da-internet\/","title":{"rendered":"F\u00f3rum internacional discute desafios para governan\u00e7a da internet"},"content":{"rendered":"\n<p>Na pr\u00f3xima semana, a cidade de Berlim, na Alemanha, ser\u00e1 o palco do principal evento sobre Internet no mundo: o F\u00f3rum de Governan\u00e7a da Internet. O evento re\u00fane autoridades governamentais, reguladores, pesquisadores, empresas do setor e ativistas para discutir a situa\u00e7\u00e3o e os desafios do ambiente&nbsp;<em>online<\/em>&nbsp;em todo o planeta.<\/p>\n\n\n\n<p>De segunda (25) a sexta-feira (29), programa\u00e7\u00e3o inclui debates e atividades propostas por \u00f3rg\u00e3os p\u00fablicos, empresas e associa\u00e7\u00f5es privadas da sociedade civil. Tamb\u00e9m ser\u00e3o promovidas reuni\u00f5es de redes internacionais e regionais sobre diferentes assuntos relacionados ao tema.<\/p>\n\n\n\n<p>O foco \u00e9 na chamada &#8220;governan\u00e7a da internet&#8221;, processo para definir princ\u00edpios, regras, padr\u00f5es e coordena\u00e7\u00e3o do funcionamento da rede. Dado ao car\u00e1ter mundial e \u00e0 aus\u00eancia de um \u00f3rg\u00e3o regulador central, os mecanismos complexos implicam na constru\u00e7\u00e3o de parcerias e acordos entre os agentes do setor.<\/p>\n\n\n\n<h2 class=\"wp-block-heading\">Multissetorial<\/h2>\n\n\n\n<p>Segundo o secret\u00e1rio-executivo do Comit\u00ea Gestor da Internet no Brasil (CGI.Br), Hartmut Glaser, o encontro nasceu da compreens\u00e3o de que \u00e9 preciso envolver todos os atores, e n\u00e3o apenas os governos. Assim, o evento \u00e9 multissetorial, abarcando Poder P\u00fablico, empresas, pesquisadores e entidades defensoras de direitos digitais.<\/p>\n\n\n\n<p>Glaser disse que o trabalho engloba a troca de conhecimentos e que n\u00e3o de decis\u00f5es vinculantes relativas aos agentes. &#8220;O f\u00f3rum n\u00e3o \u00e9 uma reuni\u00e3o de decis\u00e3o, mas de discuss\u00e3o. Procura-se colocar em contato pessoas com perfis diferentes, como advogados, t\u00e9cnicos, ativistas, governos e especialistas em assuntos. N\u00e3o se fala a mesma linguagem, quando se fala da internet. Cada um entende de uma forma, e precisamos trabalhar com uma forma comum&#8221;, disse o secret\u00e1rio-executivo, quer tamb\u00e9m vai participar do evento.<\/p>\n\n\n\n<p>A integrante do Conselho Diretor do Coletivo Intervozes, Bia Barbosa, acrescentou que, ao contr\u00e1rio dos espa\u00e7os multilaterais da Organiza\u00e7\u00e3o das Na\u00e7\u00f5es Unidas (ONU), que contam com a representa\u00e7\u00e3o dos pa\u00edses, este n\u00e3o \u00e9 um f\u00f3rum deliberativo, o que reduz seu potencial de impacto. &#8220;Mas \u00e9 no f\u00f3um que a comunidade internacional se encontra para debater desafios que est\u00e3o na ordem do dia, do futuro da rede, desde conectar a parcela da popula\u00e7\u00e3o global, que segue sem acesso \u00e0 internet, at\u00e9 preocupa\u00e7\u00f5es advindas do avan\u00e7o da intelig\u00eancia artificial\u201d, acrescentou.<\/p>\n\n\n\n<h2 class=\"wp-block-heading\">Tem\u00e1ticas<\/h2>\n\n\n\n<p>O principal debate abordar\u00e1 o relat\u00f3rio da comiss\u00e3o da Organiza\u00e7\u00e3o das Na\u00e7\u00f5es Unidas, criada para apontar tecnologias voltadas para o desenvolvimento econ\u00f4mico e para a promo\u00e7\u00e3o de direitos humanos, o que foi chamado pelo entidade internacional de \u201ccoopera\u00e7\u00e3o digital\u201d.<\/p>\n\n\n\n<p>O emprego de intelig\u00eancia artificial estar\u00e1 no centro das aten\u00e7\u00f5es, com foco em aspectos como governan\u00e7a de dados, princ\u00edpios e diretrizes \u00e9ticas no uso das aplica\u00e7\u00f5es e respeito \u00e0 promo\u00e7\u00e3o de direitos humanos, para impedir discrimina\u00e7\u00f5es e outras consequ\u00eancias prejudiciais.<\/p>\n\n\n\n<p>O representante do CGI destaca, como objeto de aten\u00e7\u00e3o, o papel das plataformas digitais. \u201cGoogle e Facebook est\u00e3o usando todo o seu poderio para, cada vez que voc\u00ea usa a internet, acompanhar sua navega\u00e7\u00e3o, o que voc\u00ea est\u00e1 vendo, suas prefer\u00eancias e sua vida social. Tudo isso est\u00e1 criando um novo problema dentro da internet como um todo. \u00c9 importante ter regras ou princ\u00edpios de uso\u201d, ressaltou Hartmut Glaser.<\/p>\n\n\n\n<h2 class=\"wp-block-heading\">Participa\u00e7\u00e3o brasileira<\/h2>\n\n\n\n<p>O Comit\u00ea Gestor promover\u00e1 uma s\u00e9rie de debates no F\u00f3rum de Governan\u00e7a da Internet. Entre os temas, est\u00e3o a prote\u00e7\u00e3o das crian\u00e7as no ambiente&nbsp;<em>online<\/em>, a constru\u00e7\u00e3o de sistemas de intelig\u00eancia artificial centrados em pessoas, a transi\u00e7\u00e3o dos endere\u00e7os IP do modelo IPv4 para IPv6 e o papel dos algoritmos nos processos eleitorais.<\/p>\n\n\n\n<p>De acordo com Bia Barbosa, diversas organiza\u00e7\u00f5es da sociedade civil v\u00e3o participar do encontro, apresentando reflex\u00f5es sobre os desafios da internet, formulados sob a \u00f3tica brasileira e trocando experi\u00eancias com entidades de outros pa\u00edses. Ela afirmou que esse interc\u00e2mbio vem contribuindo bastante para os debates, inclusive os que se traduziram em leis.<\/p>\n\n\n\n<p>\u201c\u00c9 um espa\u00e7o para se entrar em contato com autoridades, pesquisadores, empres\u00e1rios e ativistas de outros pa\u00edses e trocar experi\u00eancias no desenvolvimento de pol\u00edticas p\u00fablicas para este setor. Muito do que o Brasil conseguiu implementar, enquanto pol\u00edtica, por meio de leis como o Marco Civil da Internet e a Lei Geral de Prote\u00e7\u00e3o de Dados Pessoais, por exemplo, foi debatido antes, em outros f\u00f3runs, pelas delega\u00e7\u00f5es brasileiras\u201d, ressaltou.<\/p>\n","protected":false},"excerpt":{"rendered":"<p>Na pr\u00f3xima semana, a cidade de Berlim, na Alemanha, ser\u00e1 o palco do principal evento sobre Internet no mundo: o F\u00f3rum de Governan\u00e7a da Internet.&hellip; <\/p>\n","protected":false},"author":1,"featured_media":126639,"comment_status":"closed","ping_status":"closed","sticky":false,"template":"","format":"standard","meta":{"sfsi_plus_gutenberg_text_before_share":"","sfsi_plus_gutenberg_show_text_before_share":"","sfsi_plus_gutenberg_icon_type":"","sfsi_plus_gutenberg_icon_alignemt":"","sfsi_plus_gutenburg_max_per_row":"","footnotes":""},"categories":[2],"tags":[],"class_list":["post-137449","post","type-post","status-publish","format-standard","has-post-thumbnail","hentry","category-geral"],"_links":{"self":[{"href":"https:\/\/www.caririemacao.com\/1\/wp-json\/wp\/v2\/posts\/137449","targetHints":{"allow":["GET"]}}],"collection":[{"href":"https:\/\/www.caririemacao.com\/1\/wp-json\/wp\/v2\/posts"}],"about":[{"href":"https:\/\/www.caririemacao.com\/1\/wp-json\/wp\/v2\/types\/post"}],"author":[{"embeddable":true,"href":"https:\/\/www.caririemacao.com\/1\/wp-json\/wp\/v2\/users\/1"}],"replies":[{"embeddable":true,"href":"https:\/\/www.caririemacao.com\/1\/wp-json\/wp\/v2\/comments?post=137449"}],"version-history":[{"count":1,"href":"https:\/\/www.caririemacao.com\/1\/wp-json\/wp\/v2\/posts\/137449\/revisions"}],"predecessor-version":[{"id":137450,"href":"https:\/\/www.caririemacao.com\/1\/wp-json\/wp\/v2\/posts\/137449\/revisions\/137450"}],"wp:featuredmedia":[{"embeddable":true,"href":"https:\/\/www.caririemacao.com\/1\/wp-json\/wp\/v2\/media\/126639"}],"wp:attachment":[{"href":"https:\/\/www.caririemacao.com\/1\/wp-json\/wp\/v2\/media?parent=137449"}],"wp:term":[{"taxonomy":"category","embeddable":true,"href":"https:\/\/www.caririemacao.com\/1\/wp-json\/wp\/v2\/categories?post=137449"},{"taxonomy":"post_tag","embeddable":true,"href":"https:\/\/www.caririemacao.com\/1\/wp-json\/wp\/v2\/tags?post=137449"}],"curies":[{"name":"wp","href":"https:\/\/api.w.org\/{rel}","templated":true}]}}