{"id":137457,"date":"2019-11-23T13:32:30","date_gmt":"2019-11-23T16:32:30","guid":{"rendered":"http:\/\/www.caririemacao.com\/1\/?p=137457"},"modified":"2019-11-23T13:32:30","modified_gmt":"2019-11-23T16:32:30","slug":"concurso-publico-na-camara-municipal-de-santa-luzia","status":"publish","type":"post","link":"https:\/\/www.caririemacao.com\/1\/2019\/11\/23\/concurso-publico-na-camara-municipal-de-santa-luzia\/","title":{"rendered":"Concurso p\u00fablico na C\u00e2mara Municipal de Santa Luzia"},"content":{"rendered":"\n<p> A Comiss\u00e3o Permanente de Concursos (CPCon) da Universidade Estadual da Para\u00edba (UEPB) lan\u00e7ou edital para a realiza\u00e7\u00e3o de concurso p\u00fablico da C\u00e2mara Municipal de Santa Luzia.<\/p>\n\n\n\n<p>Est\u00e3o sendo ofertadas tr\u00eas vagas para os n\u00edveis fundamental e m\u00e9dio\/t\u00e9cnico. No n\u00edvel fundamental, as vagas s\u00e3o para os cargos de auxiliar de servi\u00e7os gerais e motorista. J\u00e1 no n\u00edvel m\u00e9dio\/t\u00e9cnico, a vaga ofertada \u00e9 para o cargo de agente administrativo.<\/p>\n\n\n\n<p>Os sal\u00e1rios variam de R$ 998 a R$ 1.222,76 para uma jornada de 40 horas semanais. As inscri\u00e7\u00f5es ser\u00e3o abertas no dia 25 de novembro e se estendem at\u00e9 26 de dezembro, exclusivamente pela internet, no endere\u00e7o eletr\u00f4nico&nbsp;<a href=\"http:\/\/cpcon.uepb.edu.br\/\" target=\"_blank\" rel=\"noreferrer noopener\">http:\/\/cpcon.uepb.edu.br<\/a>.<\/p>\n\n\n\n<figure class=\"wp-block-image\"><img decoding=\"async\" data-src=\"https:\/\/paraibaonline.com.br\/wp-content\/uploads\/2019\/08\/concurso.jpg\" alt=\"Foto: Ilustrativa\" class=\"wp-image-759301 lazyload\" src=\"data:image\/svg+xml;base64,PHN2ZyB3aWR0aD0iMSIgaGVpZ2h0PSIxIiB4bWxucz0iaHR0cDovL3d3dy53My5vcmcvMjAwMC9zdmciPjwvc3ZnPg==\" \/><\/figure>\n\n\n\n<p>Foto ilustrativa: Reprodu\u00e7\u00e3o<\/p>\n\n\n\n<p>A taxa de inscri\u00e7\u00e3o \u00e9 de R$ 65,00 para o n\u00edvel fundamental e R$ 85,00 para o n\u00edvel m\u00e9dio\/t\u00e9cnico.<\/p>\n\n\n\n<p>Conforme o edital, a prova escrita objetiva para todos os cargos ser\u00e1 aplicada no dia 16 de fevereiro de 2020. Haver\u00e1 prova pr\u00e1tica para o cargo de motorista.<\/p>\n\n\n\n<p>Todas as informa\u00e7\u00f5es referente ao concurso podem ser conferidas no edital, que est\u00e1 dispon\u00edvel no site&nbsp;&nbsp;<a href=\"http:\/\/cpcon.uepb.edu.br\/\" target=\"_blank\" rel=\"noreferrer noopener\">http:\/\/cpcon.uepb.edu.br<\/a>. Outras informa\u00e7\u00f5es podem ser obtidas pelo telefone (83) 3315-3405.<\/p>\n","protected":false},"excerpt":{"rendered":"<p>A Comiss\u00e3o Permanente de Concursos (CPCon) da Universidade Estadual da Para\u00edba (UEPB) lan\u00e7ou edital para a realiza\u00e7\u00e3o de concurso p\u00fablico da C\u00e2mara Municipal de Santa&hellip; <\/p>\n","protected":false},"author":1,"featured_media":105886,"comment_status":"closed","ping_status":"closed","sticky":false,"template":"","format":"standard","meta":{"sfsi_plus_gutenberg_text_before_share":"","sfsi_plus_gutenberg_show_text_before_share":"","sfsi_plus_gutenberg_icon_type":"","sfsi_plus_gutenberg_icon_alignemt":"","sfsi_plus_gutenburg_max_per_row":"","footnotes":""},"categories":[2],"tags":[],"class_list":["post-137457","post","type-post","status-publish","format-standard","has-post-thumbnail","hentry","category-geral"],"_links":{"self":[{"href":"https:\/\/www.caririemacao.com\/1\/wp-json\/wp\/v2\/posts\/137457","targetHints":{"allow":["GET"]}}],"collection":[{"href":"https:\/\/www.caririemacao.com\/1\/wp-json\/wp\/v2\/posts"}],"about":[{"href":"https:\/\/www.caririemacao.com\/1\/wp-json\/wp\/v2\/types\/post"}],"author":[{"embeddable":true,"href":"https:\/\/www.caririemacao.com\/1\/wp-json\/wp\/v2\/users\/1"}],"replies":[{"embeddable":true,"href":"https:\/\/www.caririemacao.com\/1\/wp-json\/wp\/v2\/comments?post=137457"}],"version-history":[{"count":1,"href":"https:\/\/www.caririemacao.com\/1\/wp-json\/wp\/v2\/posts\/137457\/revisions"}],"predecessor-version":[{"id":137459,"href":"https:\/\/www.caririemacao.com\/1\/wp-json\/wp\/v2\/posts\/137457\/revisions\/137459"}],"wp:featuredmedia":[{"embeddable":true,"href":"https:\/\/www.caririemacao.com\/1\/wp-json\/wp\/v2\/media\/105886"}],"wp:attachment":[{"href":"https:\/\/www.caririemacao.com\/1\/wp-json\/wp\/v2\/media?parent=137457"}],"wp:term":[{"taxonomy":"category","embeddable":true,"href":"https:\/\/www.caririemacao.com\/1\/wp-json\/wp\/v2\/categories?post=137457"},{"taxonomy":"post_tag","embeddable":true,"href":"https:\/\/www.caririemacao.com\/1\/wp-json\/wp\/v2\/tags?post=137457"}],"curies":[{"name":"wp","href":"https:\/\/api.w.org\/{rel}","templated":true}]}}