{"id":137463,"date":"2019-11-23T13:35:54","date_gmt":"2019-11-23T16:35:54","guid":{"rendered":"http:\/\/www.caririemacao.com\/1\/?p=137463"},"modified":"2019-11-23T13:35:54","modified_gmt":"2019-11-23T16:35:54","slug":"carmen-lucia-manda-trf-4-soltar-quem-foi-preso-por-ter-sido-condenado-em-segunda-instancia","status":"publish","type":"post","link":"https:\/\/www.caririemacao.com\/1\/2019\/11\/23\/carmen-lucia-manda-trf-4-soltar-quem-foi-preso-por-ter-sido-condenado-em-segunda-instancia\/","title":{"rendered":"C\u00e1rmen L\u00facia manda TRF-4 soltar quem foi preso por ter sido condenado em segunda inst\u00e2ncia"},"content":{"rendered":"\n<p>A ministra C\u00e1rmen L\u00facia, do Supremo Tribunal Federal (STF), determinou ao Tribunal Regional Federal da Quarta Regi\u00e3o (TRF-4) que solte todas as pessoas cujas pris\u00f5es foram decretadas somente em raz\u00e3o de condena\u00e7\u00e3o em segunda inst\u00e2ncia.<br><\/p>\n\n\n\n<p>De acordo com a decis\u00e3o da ministra, o TRF-4 deve analisar &#8220;imediatamente&#8221; todas as pris\u00f5es ordenadas somente pelo fato de as condena\u00e7\u00f5es terem sido confirmadas. Ainda segundo a decis\u00e3o, s\u00f3 poder\u00e1 ser mantido preso quem tiver outra ordem de pris\u00e3o preventiva por representar riscos.<\/p>\n\n\n\n<p>Com sede em Porto Alegre (RS), o TRF-4 \u00e9 o tribunal de segunda inst\u00e2ncia respons\u00e1vel por julgar os recursos da Opera\u00e7\u00e3o Lava Jato. A decis\u00e3o de C\u00e1rmen L\u00facia foi tomada nesta quinta-feira (21) e enviada nesta sexta (22) ao tribunal. Procurado, o TRF-4 informou ainda que ainda n\u00e3o foi comunicado oficialmente da decis\u00e3o.<\/p>\n\n\n\n<p>C\u00e1rmen L\u00facia \u00e9 relatora de um habeas corpus que questiona a s\u00famula 122 do TRF-4, segundo a qual as pris\u00f5es passaram a ser autom\u00e1ticas ap\u00f3s condena\u00e7\u00e3o em segunda inst\u00e2ncia.<\/p>\n\n\n\n<p>No \u00faltimo dia 7, o STF derrubou a possibilidade de pris\u00e3o ap\u00f3s segunda inst\u00e2ncia. Por 6 votos a 5, os ministros entenderam que a pris\u00e3o de uma pessoa condenada s\u00f3 pode ser decretada ap\u00f3s o tr\u00e2nsito em julgado, isto \u00e9, quando se esgotarem todas as possibilidades de recursos a todas as inst\u00e2ncias da Justi\u00e7a.<\/p>\n\n\n\n<p>Segundo o artigo 5\u00ba da Constitui\u00e7\u00e3o, &#8220;ningu\u00e9m ser\u00e1 considerado culpado at\u00e9 o tr\u00e2nsito em julgado de senten\u00e7a penal condenat\u00f3ria&#8221;.<\/p>\n\n\n\n<p><strong>Decis\u00e3o de C\u00e1rmen L\u00facia<\/strong><br><\/p>\n\n\n\n<p>Ao atender o pedido feito no habeas corpus, C\u00e1rmen L\u00facia afirmou ser preciso analisar quais condenados s\u00f3 foram presos por conta da segunda inst\u00e2ncia.<\/p>\n\n\n\n<p>&#8220;Concedo parcialmente a ordem apenas para determinar ao Tribunal Regional Federal da Quarta Regi\u00e3o analise, imediatamente, todas as pris\u00f5es decretadas por esse Tribunal com base na sua S\u00famula n. 122 e a coer\u00eancia delas com o novo entendimento deste Supremo Tribunal, colocando-se em liberdade r\u00e9u cuja pris\u00e3o tiver sido decretada pela aplica\u00e7\u00e3o da jurisprud\u00eancia, ent\u00e3o prevalecente e agora superada&#8221;, decidiu C\u00e1rmen L\u00facia.<\/p>\n\n\n\n<p>Conforme a ministra, \u00e9 preciso an\u00e1lise espec\u00edfica da situa\u00e7\u00e3o de cada preso.<\/p>\n\n\n\n<p>&#8220;Note-se que cada caso dever\u00e1 ser submetido \u00e0 an\u00e1lise espec\u00edfica e aut\u00f4noma do \u00f3rg\u00e3o judicial competente, n\u00e3o cabendo a decreta\u00e7\u00e3o gen\u00e9rica de r\u00e9us presos, sem que o exame e a decis\u00e3o seja proferida pelo ju\u00edzo espec\u00edfico em cada caso e com fundamenta\u00e7\u00e3o&#8221;, destacou.<\/p>\n\n\n\n<p>C\u00e1rmen L\u00facia lembrou, na decis\u00e3o, que ficou vencida no julgamento que permitiu recorrer at\u00e9 o fim do processo &#8211; ela considerava que era constitucional come\u00e7ar a cumprir a puni\u00e7\u00e3o quando confirmada por um colegiado.<\/p>\n\n\n\n<p>&#8220;Ressalvando minha posi\u00e7\u00e3o pessoal sobre a possibilidade de execu\u00e7\u00e3o provis\u00f3ria da pena, nos termos da legisla\u00e7\u00e3o vigente, observo o princ\u00edpio da colegialidade e aplico o decidido pela maioria deste Supremo Tribunal sobre a necessidade de se aguardar o tr\u00e2nsito em julgado para o in\u00edcio da execu\u00e7\u00e3o da pena judicialmente imposta.&#8221;<\/p>\n","protected":false},"excerpt":{"rendered":"<p>A ministra C\u00e1rmen L\u00facia, do Supremo Tribunal Federal (STF), determinou ao Tribunal Regional Federal da Quarta Regi\u00e3o (TRF-4) que solte todas as pessoas cujas pris\u00f5es&hellip; <\/p>\n","protected":false},"author":1,"featured_media":137464,"comment_status":"closed","ping_status":"closed","sticky":false,"template":"","format":"standard","meta":{"sfsi_plus_gutenberg_text_before_share":"","sfsi_plus_gutenberg_show_text_before_share":"","sfsi_plus_gutenberg_icon_type":"","sfsi_plus_gutenberg_icon_alignemt":"","sfsi_plus_gutenburg_max_per_row":"","footnotes":""},"categories":[11],"tags":[],"class_list":["post-137463","post","type-post","status-publish","format-standard","has-post-thumbnail","hentry","category-politica"],"_links":{"self":[{"href":"https:\/\/www.caririemacao.com\/1\/wp-json\/wp\/v2\/posts\/137463","targetHints":{"allow":["GET"]}}],"collection":[{"href":"https:\/\/www.caririemacao.com\/1\/wp-json\/wp\/v2\/posts"}],"about":[{"href":"https:\/\/www.caririemacao.com\/1\/wp-json\/wp\/v2\/types\/post"}],"author":[{"embeddable":true,"href":"https:\/\/www.caririemacao.com\/1\/wp-json\/wp\/v2\/users\/1"}],"replies":[{"embeddable":true,"href":"https:\/\/www.caririemacao.com\/1\/wp-json\/wp\/v2\/comments?post=137463"}],"version-history":[{"count":1,"href":"https:\/\/www.caririemacao.com\/1\/wp-json\/wp\/v2\/posts\/137463\/revisions"}],"predecessor-version":[{"id":137465,"href":"https:\/\/www.caririemacao.com\/1\/wp-json\/wp\/v2\/posts\/137463\/revisions\/137465"}],"wp:featuredmedia":[{"embeddable":true,"href":"https:\/\/www.caririemacao.com\/1\/wp-json\/wp\/v2\/media\/137464"}],"wp:attachment":[{"href":"https:\/\/www.caririemacao.com\/1\/wp-json\/wp\/v2\/media?parent=137463"}],"wp:term":[{"taxonomy":"category","embeddable":true,"href":"https:\/\/www.caririemacao.com\/1\/wp-json\/wp\/v2\/categories?post=137463"},{"taxonomy":"post_tag","embeddable":true,"href":"https:\/\/www.caririemacao.com\/1\/wp-json\/wp\/v2\/tags?post=137463"}],"curies":[{"name":"wp","href":"https:\/\/api.w.org\/{rel}","templated":true}]}}