{"id":137467,"date":"2019-11-23T13:38:33","date_gmt":"2019-11-23T16:38:33","guid":{"rendered":"http:\/\/www.caririemacao.com\/1\/?p=137467"},"modified":"2019-11-23T13:38:33","modified_gmt":"2019-11-23T16:38:33","slug":"lula-prega-polarizacao-e-diz-que-nao-da-para-ficar-no-meio-do-caminho","status":"publish","type":"post","link":"https:\/\/www.caririemacao.com\/1\/2019\/11\/23\/lula-prega-polarizacao-e-diz-que-nao-da-para-ficar-no-meio-do-caminho\/","title":{"rendered":"Lula prega polariza\u00e7\u00e3o e diz que n\u00e3o d\u00e1 para ficar no meio do caminho"},"content":{"rendered":"\n<p>O ex-presidente Luiz In\u00e1cio Lula da Silva (PT) exaltou a polariza\u00e7\u00e3o pol\u00edtica e refor\u00e7ou seu lugar na oposi\u00e7\u00e3o ao presidente Jair Bolsonaro (sem partido).&nbsp;<\/p>\n\n\n\n<p>Segundo ele, aqueles que pedem para ele &#8220;calar certas verdades para n\u00e3o tumultuar o ambiente pol\u00edtico, para o PT n\u00e3o provocar uma amea\u00e7a \u00e0 democracia&#8221; s\u00e3o os que, na verdade, n\u00e3o tiveram compromisso com a democracia.<\/p>\n\n\n\n<p>&#8220;Aos que criticam ou temem a polariza\u00e7\u00e3o, temos que ter a coragem de dizer: n\u00f3s somos, sim, o oposto de Bolsonaro. N\u00e3o d\u00e1 para ficar em cima do muro ou no meio do caminho: somos e seremos oposi\u00e7\u00e3o a esse governo de extrema-direita que gera desemprego e exige que os desempregados paguem a conta&#8221;, afirmou o petista em discurso na abertura do 7\u00ba Congresso Nacional do PT, nesta sexta-feira (22), em S\u00e3o Paulo.&nbsp;<\/p>\n\n\n\n<p>O evento, que termina no domingo (24), deve confirmar a reelei\u00e7\u00e3o de Gleisi Hoffmann como presidente do partido por mais quatro anos.<\/p>\n\n\n\n<p>Nesta sexta, reuniu petistas presos pela Lava Jato, como Del\u00fabio Soares, Jo\u00e3o Vaccari Neto e Jos\u00e9 Dirceu, que foi aclamado pelo p\u00fablico.<\/p>\n\n\n\n<p>Ainda tentando recuperar seus direitos pol\u00edticos, mas apontado pelo PT como principal nome para a elei\u00e7\u00e3o de 2022, Lula sinalizou seus planos de continuidade pol\u00edtica em um discurso de pouco mais de uma hora.<\/p>\n\n\n\n<p>&#8220;Hoje me coloco \u00e0 disposi\u00e7\u00e3o do Brasil para contribuir nessa travessia para uma vida melhor, vida em plenitude, especialmente para os que n\u00e3o podem ser abandonados pelo caminho&#8221;, afirmou.&nbsp;<\/p>\n\n\n\n<p>No palco, a namorada de Lula, Janja, se sentou ao lado dele. Ap\u00f3s o in\u00edcio do evento, ex-presidente se ausentou do palco por cerca de uma hora. Segundo assessores, ele estava acertando detalhes do discurso, que foi parte lido \u2013algo bastante incomum para o petista\u2013 e parte improvisado.<\/p>\n\n\n\n<p>Petistas da c\u00fapula do partido j\u00e1 haviam dito que o discurso de Lula seria mais elaborado e pensado do que os anteriores, considerados mais um desabafo de quem acabara de sair da pris\u00e3o.<\/p>\n\n\n\n<p>Ap\u00f3s ter ficado 580 dias preso, condenado por corrup\u00e7\u00e3o e lavagem de dinheiro pelo caso do tr\u00edplex de Guaruj\u00e1, o ex-presidente foi a estrela do congresso petista e fez quest\u00e3o de refor\u00e7ar a polariza\u00e7\u00e3o com Bolsonaro ao mesmo tempo em que reafirmou o compromisso do PT com a democracia.<\/p>\n\n\n\n<p>&#8220;Vamos deixar uma coisa bem clara: se existe um partido identificado com a democracia no Brasil \u00e9 o Partido dos Trabalhadores&#8221;, afirmou. &#8220;N\u00f3s n\u00e3o aceitamos mais censura, tortura, AI-5 e persegui\u00e7\u00e3o a advers\u00e1rios pol\u00edticos.&#8221;<\/p>\n\n\n\n<p>&#8220;N\u00e3o fomos n\u00f3s que falamos em fechar congresso e muito menos o STF com um cabo e um soldado [refer\u00eancia a uma frase do deputado Eduardo Bolsonaro (PSL-SP), filho do atual presidente, em 2018]. N\u00e3o fomos n\u00f3s que pedimos revis\u00e3o do pleito s\u00f3 pra desgastar o partido vencedor. [&#8230;] Que sustentamos uma farsa judicial e midi\u00e1tica para tirar do p\u00e1reo o candidato l\u00edder nas pesquisas. [&#8230;] N\u00e3o fomos n\u00f3s os respons\u00e1veis pela elei\u00e7\u00e3o de um candidato que tem ojeriza \u00e0 democracia&#8221;, disse .&nbsp; &nbsp;<\/p>\n\n\n\n<p>&#8220;S\u00e3o essas pessoas que agora nos dizem para n\u00e3o polarizar o pa\u00eds. Como se polariza\u00e7\u00e3o fosse sin\u00f4nimo de extremismo pol\u00edtico e ideol\u00f3gico. Como se o Brasil j\u00e1 n\u00e3o estivesse h\u00e1 s\u00e9culos polarizado entre os poucos que t\u00eam tudo e os muitos que nada t\u00eam&#8221;, completou.<\/p>\n\n\n\n<p>&#8220;N\u00e3o venham me dizer que o PT \u00e9 radical. Um pouco de radicalismo faz bem a nossa alma. [&#8230;] N\u00e3o estou mais radical, estou mais conciente&#8221;, disse em parte improvisada.<\/p>\n\n\n\n<p>Tamb\u00e9m no improviso, Lula disse ser &#8220;o maior polarizador desse pa\u00eds&#8221;. Lula repetiu a l\u00f3gica de que s\u00f3 quem polariza est\u00e1 no jogo e pode chegar ao segundo turno. &#8220;Parab\u00e9ns pela polariza\u00e7\u00e3o&#8221;, declarou.<\/p>\n\n\n\n<p>Lula rejeitou compara\u00e7\u00e3o a Bolsonaro ao dizer que jamais amea\u00e7aria cassar uma concess\u00e3o de TV, como o presidente fez em rela\u00e7\u00e3o a Globo. O petista, por\u00e9m, n\u00e3o poupou cr\u00edticas \u00e0 emissora.<\/p>\n\n\n\n<p>&#8220;Antes que a Rede Globo me acuse outra vez pelo que n\u00e3o disse nem fiz, n\u00e3o ousem me comparar ao presidente que eles escolheram. Jamais ameacei e jamais amea\u00e7aria cassar arbitrariamente uma concess\u00e3o de TV, mesmo sendo atacado sem direito de resposta e censurado como sou pelo jornalismo da Globo.&#8221;<\/p>\n\n\n\n<p>Lula ainda defendeu a liberdade de imprensa e a regula\u00e7\u00e3o da m\u00eddia, afirmando que &#8220;democratizar a comunica\u00e7\u00e3o n\u00e3o \u00e9 fechar uma TV, \u00e9 abrir muitas&#8221;.<\/p>\n\n\n\n<p>&#8220;N\u00e3o pode um grupo familiar decidir sozinho o que \u00e9 not\u00edcia e o que n\u00e3o \u00e9, com base unicamente em seus interesses pol\u00edticos e econ\u00f4micos&#8221;, afirmou.<\/p>\n\n\n\n<p>O ex-presidente voltou a criticar a Lava Jato, o ex-juiz Sergio Moro e o procurador Deltan Dallagnol e disse que busca a anula\u00e7\u00e3o de sua senten\u00e7a. &#8220;Hoje eu me sinto muito mais forte do que quando eu me entreguei [\u00e0 pol\u00edcia]&#8221;, disse.<\/p>\n\n\n\n<p>Lula chamou a Lava Jato de &#8220;a maior farsa judicial que este pa\u00eds j\u00e1 assistiu&#8221; e disse que lutar\u00e1 para que sua senten\u00e7a seja anulada e ele tenha novo julgamento justo. &#8220;Se eu for inocente, tenham coragem de dizer que Lula \u00e9 inocente.&#8221;<\/p>\n\n\n\n<p>O ex-presidente tamb\u00e9m repreendeu medidas do governo Bolsonaro e os \u00edndices econ\u00f4micos ruins. Para Lula, &#8220;o Brasil s\u00f3 n\u00e3o quebrou ainda por causa da heran\u00e7a dos governos do PT&#8221;.&nbsp;<\/p>\n\n\n\n<p>&#8220;Parece que enfiaram o Brasil \u00e0 for\u00e7a numa m\u00e1quina do tempo e nos enviaram de volta a um passado que a gente j\u00e1 tinha superado. O passado da escravid\u00e3o, da fome, do desemprego em massa, da depend\u00eancia externa, da censura, do obscurantismo&#8221;, declarou.<\/p>\n\n\n\n<p>Ao falar da oposi\u00e7\u00e3o, defendeu alian\u00e7a com a centro-esquerda e for\u00e7as do campo popular, al\u00e9m de reaproxima\u00e7\u00e3o com os trabalhadores exclu\u00eddos.<\/p>\n\n\n\n<p>&#8220;Salvar o pa\u00eds da destrui\u00e7\u00e3o e do caos social que este governo est\u00e1 produzindo n\u00e3o \u00e9 tarefa para um \u00fanico partido&#8221;, disse.<\/p>\n\n\n\n<p>O petista voltou a rejeitar fazer autocr\u00edtica -disse que o erro foi n\u00e3o fazer mais e melhor.&nbsp;<\/p>\n\n\n\n<p>&#8220;Querem de n\u00f3s um humilhante ato de contri\u00e7\u00e3o, como se tiv\u00e9ssemos de pedir perd\u00e3o por continuar existindo no cora\u00e7\u00e3o do povo brasileiro, apesar de tudo que fizeram para nos destruir.&#8221;<\/p>\n\n\n\n<p>A presen\u00e7a de Lula, poss\u00edvel ap\u00f3s decis\u00e3o do Supremo Tribunal Federal contra a pris\u00e3o de condenados antes do tr\u00e2nsito em julgado (fim dos recursos), fez com que o congresso tivesse que ser repensado. A dire\u00e7\u00e3o do PT tentou mover \u00e0s pressas a abertura para a pra\u00e7a da Rep\u00fablica para atrair multid\u00e3o, mas problemas de log\u00edstica e chuva impediram.<\/p>\n\n\n\n<p>Com isso, a fala teve que ocorrer na Casa de Portugal, que abriga cerca de 1.500 pessoas. O local ficou cheio, mas n\u00e3o superlotado. Houve controle na entrada, restrita a credenciados no congresso.<\/p>\n\n\n\n<p>Ao abrir o evento, Gleisi afirmou que a soltura de Lula coloca a oposi\u00e7\u00e3o ao governo federal em novo patamar. Da mesma forma, a ex-presidente Dilma Rousseff disse que ao lado de Lula a luta ser\u00e1 mais f\u00e1cil.<\/p>\n\n\n\n<p>Dilma afirmou ainda que neoliberalismo e neofascismo s\u00e3o irm\u00e3os siameses, &#8220;um n\u00e3o existe sem o outro&#8221;.&nbsp;<\/p>\n\n\n\n<p>&#8220;\u00c9 isso que torna a elite brasileira t\u00e3o fr\u00e1gil diante do neofascismo, que a torna t\u00e3o c\u00famplice da reforma da Previd\u00eancia e da precariza\u00e7\u00e3o do trabalho&#8221;, disse.<\/p>\n\n\n\n<p>Fernando Haddad afirmou que o PT n\u00e3o pode subestimar sua pr\u00f3pria for\u00e7a. &#8220;Bolsonaro perto de n\u00f3s pode muito pouco se tivermos consci\u00eancia hist\u00f3rica da nossa energia e do que o povo espera de n\u00f3s&#8221;, declarou.<\/p>\n\n\n\n<p>O evento reuniu ainda petistas como Jaques Wagner, Jos\u00e9 Geno\u00edno, Fernando Pimentel e outros l\u00edderes da c\u00fapula petista.<\/p>\n\n\n\n<p>Guilherme Boulos (PSOL) e Manuela D&#8217;\u00c1vila (PC do B) tamb\u00e9m participaram. Durante o evento, o governo comunista de Cuba homenageou Lula e a plateia respondeu com &#8220;viva a revolu\u00e7\u00e3o&#8221;. O petista tamb\u00e9m recebeu t\u00edtulo de cidad\u00e3o parisiense.&nbsp;<\/p>\n\n\n\n<p>Ao contr\u00e1rio do usual, Lula leu boa parte de seu discurso. Petistas da c\u00fapula do partido j\u00e1 haviam dito que o discurso de Lula seria mais elaborado e pensado do que os anteriores, considerado mais um desabafo de quem esteve 580 dias preso.<\/p>\n\n\n\n<p>O congresso do PT discutir\u00e1, entre outros assuntos, as alian\u00e7as para a elei\u00e7\u00e3o de 2020 e a oposi\u00e7\u00e3o a Bolsonaro. Ao final, o partido apresenta uma resolu\u00e7\u00e3o que guia seus rumos nos pr\u00f3ximos anos. O documento ter\u00e1 como base a tese defendida pela corrente majorit\u00e1ria do PT, a CNB (Construindo um Novo Brasil).<\/p>\n\n\n\n<p>Lula j\u00e1 enfatizou a necessidade de que o partido tenha candidaturas pr\u00f3prias no maior n\u00famero de cidades e lance seus melhores quadros. A estrat\u00e9gia \u00e9 usar as campanhas petistas e o tempo de TV em 2020 para fazer uma defesa do partido, do seu legado e dele pr\u00f3prio em meio aos processos da Lava Jato.&nbsp;<\/p>\n\n\n\n<p>Em rela\u00e7\u00e3o a Bolsonaro, l\u00edderes da corrente dizem que pedir impeachment ser\u00e1 palavra vazia, pois n\u00e3o h\u00e1 crime de responsabilidade nem mobiliza\u00e7\u00e3o social ou maioria parlamentar para dar sustenta\u00e7\u00e3o a isso.&nbsp;<\/p>\n\n\n\n<p>A tese da CNB, que ser\u00e1 debatida pelos petistas e pode receber altera\u00e7\u00f5es, fala em buscar o centro numa ampla frente contra Bolsonaro.<\/p>\n\n\n\n<p>RAIO-X DO PT<br>2,3 milh\u00f5es de filiados<br>54 deputados federais<br>256 prefeitos eleitos em 2016<br>6 senadores<br>4 governadores<\/p>\n","protected":false},"excerpt":{"rendered":"<p>O ex-presidente Luiz In\u00e1cio Lula da Silva (PT) exaltou a polariza\u00e7\u00e3o pol\u00edtica e refor\u00e7ou seu lugar na oposi\u00e7\u00e3o ao presidente Jair Bolsonaro (sem partido).&nbsp; Segundo&hellip; <\/p>\n","protected":false},"author":1,"featured_media":131151,"comment_status":"closed","ping_status":"closed","sticky":false,"template":"","format":"standard","meta":{"sfsi_plus_gutenberg_text_before_share":"","sfsi_plus_gutenberg_show_text_before_share":"","sfsi_plus_gutenberg_icon_type":"","sfsi_plus_gutenberg_icon_alignemt":"","sfsi_plus_gutenburg_max_per_row":"","footnotes":""},"categories":[11],"tags":[],"class_list":["post-137467","post","type-post","status-publish","format-standard","has-post-thumbnail","hentry","category-politica"],"_links":{"self":[{"href":"https:\/\/www.caririemacao.com\/1\/wp-json\/wp\/v2\/posts\/137467","targetHints":{"allow":["GET"]}}],"collection":[{"href":"https:\/\/www.caririemacao.com\/1\/wp-json\/wp\/v2\/posts"}],"about":[{"href":"https:\/\/www.caririemacao.com\/1\/wp-json\/wp\/v2\/types\/post"}],"author":[{"embeddable":true,"href":"https:\/\/www.caririemacao.com\/1\/wp-json\/wp\/v2\/users\/1"}],"replies":[{"embeddable":true,"href":"https:\/\/www.caririemacao.com\/1\/wp-json\/wp\/v2\/comments?post=137467"}],"version-history":[{"count":1,"href":"https:\/\/www.caririemacao.com\/1\/wp-json\/wp\/v2\/posts\/137467\/revisions"}],"predecessor-version":[{"id":137469,"href":"https:\/\/www.caririemacao.com\/1\/wp-json\/wp\/v2\/posts\/137467\/revisions\/137469"}],"wp:featuredmedia":[{"embeddable":true,"href":"https:\/\/www.caririemacao.com\/1\/wp-json\/wp\/v2\/media\/131151"}],"wp:attachment":[{"href":"https:\/\/www.caririemacao.com\/1\/wp-json\/wp\/v2\/media?parent=137467"}],"wp:term":[{"taxonomy":"category","embeddable":true,"href":"https:\/\/www.caririemacao.com\/1\/wp-json\/wp\/v2\/categories?post=137467"},{"taxonomy":"post_tag","embeddable":true,"href":"https:\/\/www.caririemacao.com\/1\/wp-json\/wp\/v2\/tags?post=137467"}],"curies":[{"name":"wp","href":"https:\/\/api.w.org\/{rel}","templated":true}]}}