{"id":137471,"date":"2019-11-23T13:41:10","date_gmt":"2019-11-23T16:41:10","guid":{"rendered":"http:\/\/www.caririemacao.com\/1\/?p=137471"},"modified":"2019-11-23T13:41:10","modified_gmt":"2019-11-23T16:41:10","slug":"em-2007-gugu-veio-a-monteiro-gravar-sobre-a-historia-da-banda-magnificos","status":"publish","type":"post","link":"https:\/\/www.caririemacao.com\/1\/2019\/11\/23\/em-2007-gugu-veio-a-monteiro-gravar-sobre-a-historia-da-banda-magnificos\/","title":{"rendered":"Em 2007, Gugu veio \u00e0 Monteiro gravar sobre a hist\u00f3ria da Banda Magn\u00edficos"},"content":{"rendered":"\n<p>&nbsp;\u00edcone da TV brasileira Ant\u00f4nio Augusto Moraes Liberato, conhecido como Gugu,&nbsp;teve a morte confirmada na noite desta sexta-feira (22), em boletim m\u00e9dico divulgado pela assessoria de imprensa.<\/p>\n\n\n\n<p>Uma das figuras mais ic\u00f4nicas da televis\u00e3o brasileira, o apresentador Gugu Liberato morreu aos 60 anos de idade, ap\u00f3s acidente dom\u00e9stico sofrido nesta quarta-feira (20).<\/p>\n\n\n\n<p>Ele caiu de uma altura de 4 metros enquanto tentava arrumar um ar-condicionado. Ele chegou a ser socorrido por uma ambul\u00e2ncia nesta quinta-feira (21), ficou internado na UTI de uma unidade hospitalar em Orlando, na Fl\u00f3rida, nos Estados Unidos.<\/p>\n\n\n\n<p>Na tarde desta quinta-feira (21), alguns blogs noticiaram a confirma\u00e7\u00e3o da morte do apresentador, que foi posteriormente desmentida por uma nota da assessoria de imprensa. Na noite desta sexta-feira (22), a fam\u00edlia liberou uma nota oficial confirmando o \u00f3bito.<\/p>\n\n\n\n<p>Ainda n\u00e3o h\u00e1 informa\u00e7\u00f5es sobre vel\u00f3rio e enterro.<\/p>\n\n\n\n<p><em>NOTA DE FALECIMENTO<\/em><\/p>\n\n\n\n<p><em>Este \u00e9 um momento que jamais imaginamos viver. Com profunda tristeza, familiares comunicam o falecimento do pai, irm\u00e3o, filho, amigo, empres\u00e1rio, jornalista e apresentador Ant\u00f4nio Augusto Moraes Liberato (Gugu Liberato), aos 60 anos, em Orlando, Florida, Estados Unidos.<\/em><\/p>\n\n\n\n<p><em>Nosso Gugu sempre viveu de maneira simples e alegre, cercado por seus familiares e extremamente dedicado aos filhos. E assim foi at\u00e9 o final da vida, ocorrida ap\u00f3s um acidente caseiro.<\/em><\/p>\n\n\n\n<p><em>Ele sofreu uma queda acidental de uma altura de cerca de quatro metros quando fazia um reparo no ar condicionado instalado no s\u00f3t\u00e3o. Foi prontamente socorrido pela equipe de resgate e admitido no Orlando Health Medical Center, onde permaneceu na Unidade de Terapia Intensiva, acompanhado pela equipe m\u00e9dica local.<\/em><\/p>\n\n\n\n<p><em>Na admiss\u00e3o deu entrada em escala de *Glasgow de 3 e os exames iniciais constataram sangramento intracraniano. Em virtude da gravidade neurol\u00f3gica, n\u00e3o foi indicado qualquer procedimento cir\u00fargico. Durante o per\u00edodo de observa\u00e7\u00e3o foi constatada a aus\u00eancia de atividade cerebral. A morte encef\u00e1lica foi confirmada pelo Prof. Dr. Guilherme Lepski, neurocirurgi\u00e3o brasileiro chamado pela fam\u00edlia, que ap\u00f3s ver as imagens dos exames em detalhes, confirmou a irreversibilidade do quadro cl\u00ednico diante de sua m\u00e3e Maria do C\u00e9u, dos irm\u00e3os Amandio Augusto e Aparecida Liberato, e da m\u00e3e de seus filhos, Rose Miriam Di Matteo.<\/em><\/p>\n\n\n\n<p><em>Ainda n\u00e3o temos detalhes sobre o traslado para o Brasil. Informa\u00e7\u00f5es sobre vel\u00f3rio e sepultamento ser\u00e3o passadas assim que tudo estiver definido.<\/em><\/p>\n\n\n\n<p><em>Ele deixa tr\u00eas filhos, Jo\u00e3o Augusto de 18 anos e as g\u00eameas Marina e Sophia de 15 anos.<\/em><\/p>\n\n\n\n<p><em>Atendendo a uma vontade dele, a fam\u00edlia autorizou a doa\u00e7\u00e3o de todos os \u00f3rg\u00e3os.<br>Gugu sempre refletiu sobre os verdadeiros valores da vida e o qu\u00e3o fr\u00e1gil ela se revela. Sua partida nos deixa sem ch\u00e3o, mas refor\u00e7a nossa certeza de que ele viveu plenamente. Fica a saudade, ficam as lembran\u00e7as \u2013 que s\u00e3o muitas \u2013 e a certeza que Deus recebe agora um filho querido, e o c\u00e9u ganha uma estrela que emana luz e paz.<\/em><\/p>\n","protected":false},"excerpt":{"rendered":"<p>&nbsp;\u00edcone da TV brasileira Ant\u00f4nio Augusto Moraes Liberato, conhecido como Gugu,&nbsp;teve a morte confirmada na noite desta sexta-feira (22), em boletim m\u00e9dico divulgado pela assessoria&hellip; <\/p>\n","protected":false},"author":1,"featured_media":137409,"comment_status":"closed","ping_status":"closed","sticky":false,"template":"","format":"standard","meta":{"sfsi_plus_gutenberg_text_before_share":"","sfsi_plus_gutenberg_show_text_before_share":"","sfsi_plus_gutenberg_icon_type":"","sfsi_plus_gutenberg_icon_alignemt":"","sfsi_plus_gutenburg_max_per_row":"","footnotes":""},"categories":[2],"tags":[],"class_list":["post-137471","post","type-post","status-publish","format-standard","has-post-thumbnail","hentry","category-geral"],"_links":{"self":[{"href":"https:\/\/www.caririemacao.com\/1\/wp-json\/wp\/v2\/posts\/137471","targetHints":{"allow":["GET"]}}],"collection":[{"href":"https:\/\/www.caririemacao.com\/1\/wp-json\/wp\/v2\/posts"}],"about":[{"href":"https:\/\/www.caririemacao.com\/1\/wp-json\/wp\/v2\/types\/post"}],"author":[{"embeddable":true,"href":"https:\/\/www.caririemacao.com\/1\/wp-json\/wp\/v2\/users\/1"}],"replies":[{"embeddable":true,"href":"https:\/\/www.caririemacao.com\/1\/wp-json\/wp\/v2\/comments?post=137471"}],"version-history":[{"count":1,"href":"https:\/\/www.caririemacao.com\/1\/wp-json\/wp\/v2\/posts\/137471\/revisions"}],"predecessor-version":[{"id":137473,"href":"https:\/\/www.caririemacao.com\/1\/wp-json\/wp\/v2\/posts\/137471\/revisions\/137473"}],"wp:featuredmedia":[{"embeddable":true,"href":"https:\/\/www.caririemacao.com\/1\/wp-json\/wp\/v2\/media\/137409"}],"wp:attachment":[{"href":"https:\/\/www.caririemacao.com\/1\/wp-json\/wp\/v2\/media?parent=137471"}],"wp:term":[{"taxonomy":"category","embeddable":true,"href":"https:\/\/www.caririemacao.com\/1\/wp-json\/wp\/v2\/categories?post=137471"},{"taxonomy":"post_tag","embeddable":true,"href":"https:\/\/www.caririemacao.com\/1\/wp-json\/wp\/v2\/tags?post=137471"}],"curies":[{"name":"wp","href":"https:\/\/api.w.org\/{rel}","templated":true}]}}