{"id":137481,"date":"2019-11-23T13:47:47","date_gmt":"2019-11-23T16:47:47","guid":{"rendered":"http:\/\/www.caririemacao.com\/1\/?p=137481"},"modified":"2019-11-23T13:47:47","modified_gmt":"2019-11-23T16:47:47","slug":"secretarias-de-saude-e-educacao-de-amparo-realizaram-atividades-do-programa-saude-na-escola","status":"publish","type":"post","link":"https:\/\/www.caririemacao.com\/1\/2019\/11\/23\/secretarias-de-saude-e-educacao-de-amparo-realizaram-atividades-do-programa-saude-na-escola\/","title":{"rendered":"Secretarias de Sa\u00fade e Educa\u00e7\u00e3o de Amparo realizaram atividades do Programa Sa\u00fade na Escola"},"content":{"rendered":"\n<p>As Secretarias de Sa\u00fade e de Educa\u00e7\u00e3o de Amparo realizaram mais uma atividade educativa atrav\u00e9s do Programa Sa\u00fade na Escola (PSE), como aconteceu nesta quinta-feira (21) no Col\u00e9gio Ildefonso Anselmo da Silva.<br>O momento contou com palestra da Dentista Dr\u00aa Mikaelly Conserva, com o objetivo de ensinar as crian\u00e7as a cuidarem dos dentes desde pequenos, como benef\u00edcios para o resto da vida, pois criar h\u00e1bitos saud\u00e1veis estimula a sa\u00fade e cuidado pessoal. A dentista esteve acompanhada das t\u00e9cnicas em sa\u00fade bucal da Popula\u00e7\u00e3o G\u00e9ssica e M\u00e1rcia.<br><\/p>\n\n\n\n<figure class=\"wp-block-image\"><a href=\"https:\/\/1.bp.blogspot.com\/-ZOkHssN3mKM\/Xdb7jhiC_3I\/AAAAAAABF9U\/vEElcRFOu8scMcsy70_wT1iRfPfMuBYqACLcBGAsYHQ\/s1600\/SA%25C3%259ADE%2BBUCAL%2B%25289%2529.JPG\"><img decoding=\"async\" data-src=\"https:\/\/1.bp.blogspot.com\/-ZOkHssN3mKM\/Xdb7jhiC_3I\/AAAAAAABF9U\/vEElcRFOu8scMcsy70_wT1iRfPfMuBYqACLcBGAsYHQ\/s280\/SA%25C3%259ADE%2BBUCAL%2B%25289%2529.JPG\" alt=\"\" src=\"data:image\/svg+xml;base64,PHN2ZyB3aWR0aD0iMSIgaGVpZ2h0PSIxIiB4bWxucz0iaHR0cDovL3d3dy53My5vcmcvMjAwMC9zdmciPjwvc3ZnPg==\" class=\"lazyload\" \/><\/a><\/figure>\n\n\n\n<p>Tivemos tamb\u00e9m palestras informativas com a Enfermeira Roberta, a Nutricionista Dr\u00aa Sabrina, a Assistente Social Dr\u00aa Amanda Nunes e Dr\u00aa Elvis Bruno.<br>Al\u00e9m da orienta\u00e7\u00e3o para uma boa escova\u00e7\u00e3o, tamb\u00e9m foram doados alguns kits de Sa\u00fade Bucal para as crian\u00e7as.<br>\u201cA realiza\u00e7\u00e3o do programa dentro das escolas da rede p\u00fablica \u00e9 muito importante, pois torna a escola o principal ponto para a promo\u00e7\u00e3o da sa\u00fade.\u201d, disse Ver\u00f4nica, secret\u00e1ria de sa\u00fade.<\/p>\n","protected":false},"excerpt":{"rendered":"<p>As Secretarias de Sa\u00fade e de Educa\u00e7\u00e3o de Amparo realizaram mais uma atividade educativa atrav\u00e9s do Programa Sa\u00fade na Escola (PSE), como aconteceu nesta quinta-feira&hellip; <\/p>\n","protected":false},"author":1,"featured_media":137482,"comment_status":"closed","ping_status":"closed","sticky":false,"template":"","format":"standard","meta":{"sfsi_plus_gutenberg_text_before_share":"","sfsi_plus_gutenberg_show_text_before_share":"","sfsi_plus_gutenberg_icon_type":"","sfsi_plus_gutenberg_icon_alignemt":"","sfsi_plus_gutenburg_max_per_row":"","footnotes":""},"categories":[50,2],"tags":[],"class_list":["post-137481","post","type-post","status-publish","format-standard","has-post-thumbnail","hentry","category-destaque","category-geral"],"_links":{"self":[{"href":"https:\/\/www.caririemacao.com\/1\/wp-json\/wp\/v2\/posts\/137481","targetHints":{"allow":["GET"]}}],"collection":[{"href":"https:\/\/www.caririemacao.com\/1\/wp-json\/wp\/v2\/posts"}],"about":[{"href":"https:\/\/www.caririemacao.com\/1\/wp-json\/wp\/v2\/types\/post"}],"author":[{"embeddable":true,"href":"https:\/\/www.caririemacao.com\/1\/wp-json\/wp\/v2\/users\/1"}],"replies":[{"embeddable":true,"href":"https:\/\/www.caririemacao.com\/1\/wp-json\/wp\/v2\/comments?post=137481"}],"version-history":[{"count":1,"href":"https:\/\/www.caririemacao.com\/1\/wp-json\/wp\/v2\/posts\/137481\/revisions"}],"predecessor-version":[{"id":137483,"href":"https:\/\/www.caririemacao.com\/1\/wp-json\/wp\/v2\/posts\/137481\/revisions\/137483"}],"wp:featuredmedia":[{"embeddable":true,"href":"https:\/\/www.caririemacao.com\/1\/wp-json\/wp\/v2\/media\/137482"}],"wp:attachment":[{"href":"https:\/\/www.caririemacao.com\/1\/wp-json\/wp\/v2\/media?parent=137481"}],"wp:term":[{"taxonomy":"category","embeddable":true,"href":"https:\/\/www.caririemacao.com\/1\/wp-json\/wp\/v2\/categories?post=137481"},{"taxonomy":"post_tag","embeddable":true,"href":"https:\/\/www.caririemacao.com\/1\/wp-json\/wp\/v2\/tags?post=137481"}],"curies":[{"name":"wp","href":"https:\/\/api.w.org\/{rel}","templated":true}]}}