{"id":137491,"date":"2019-11-23T16:15:22","date_gmt":"2019-11-23T19:15:22","guid":{"rendered":"http:\/\/www.caririemacao.com\/1\/?p=137491"},"modified":"2019-11-23T16:15:22","modified_gmt":"2019-11-23T19:15:22","slug":"apos-liberacao-de-recursos-100-das-bolsas-da-capes-estao-garantidas","status":"publish","type":"post","link":"https:\/\/www.caririemacao.com\/1\/2019\/11\/23\/apos-liberacao-de-recursos-100-das-bolsas-da-capes-estao-garantidas\/","title":{"rendered":"Ap\u00f3s libera\u00e7\u00e3o de recursos, 100% das bolsas da Capes est\u00e3o garantidas"},"content":{"rendered":"\n<p><br>O Minist\u00e9rio da Educa\u00e7\u00e3o liberou nesta&nbsp;sexta-feira (22) a totalidade do or\u00e7amento da Coordena\u00e7\u00e3o de Aperfei\u00e7oamento de Pessoal de N\u00edvel Superior (Capes) que ainda estava contingenciado. Segundo a Capes, os recursos da funda\u00e7\u00e3o liberados neste ano chegam a R$ 3,98 bilh\u00f5es, 4% superior aos 3,84 bilh\u00f5es de 2018.<\/p>\n\n\n\n<p>\u201cTodos os compromissos assumidos ao longo do ano est\u00e3o sendo cumpridos\u201d, destacou Anderson Correia, presidente da Capes.<\/p>\n\n\n\n<p>O&nbsp;<em>Di\u00e1rio Oficial da Uni\u00e3o<\/em>&nbsp;publicou decreto, nesta semana, relativo ao Relat\u00f3rio Extempor\u00e2neo de Avalia\u00e7\u00e3o de Receitas e Despesas&nbsp;de Novembro&nbsp;de 2019, com libera\u00e7\u00e3o de todas as despesas discricion\u00e1rias (n\u00e3o obrigat\u00f3rias) contingenciadas (bloqueadas) em meses anteriores.<\/p>\n\n\n\n<p>Na semana passada, o governo anunciou o descontingenciamento (desbloqueio) de R$ 13,976 bilh\u00f5es do Or\u00e7amento de 2019.<\/p>\n\n\n\n<p>O \u00f3rg\u00e3o que teve a maior libera\u00e7\u00e3o, de R$ 3, 473 bilh\u00f5es, foi o Minist\u00e9rio da Defesa, seguido pela Educa\u00e7\u00e3o, R$ 2,695 bilh\u00f5es, e pelo Desenvolvimento Regional, R$ 1,905 bilh\u00e3o.<\/p>\n\n\n\n<p>Segundo o governo, a libera\u00e7\u00e3o dos recursos foi poss\u00edvel porque o governo obteve receitas extraordin\u00e1rias com a venda de ativos de estatais, que rendeu Imposto de Renda e Contribui\u00e7\u00e3o Social sobre o Lucro L\u00edquido sobre o ganho de capital das empresas, e pelos leil\u00f5es do excedente da cess\u00e3o onerosa e da partilha do pr\u00e9-sal.<\/p>\n\n\n\n<p>De acordo com o Relat\u00f3rio Bimestral de Avalia\u00e7\u00e3o de Receitas e Despesas, referente ao 5\u00ba bimestre de 2019, haveria a possibilidade de liberar gastos em mais R$ 7,2 bilh\u00f5es e, mesmo assim, cumprir a meta de d\u00e9ficit nas contasp\u00fablicas de R$ 139 bilh\u00f5es. Para isso, seriam necess\u00e1rios cr\u00e9ditos adicionais.<\/p>\n","protected":false},"excerpt":{"rendered":"<p>O Minist\u00e9rio da Educa\u00e7\u00e3o liberou nesta&nbsp;sexta-feira (22) a totalidade do or\u00e7amento da Coordena\u00e7\u00e3o de Aperfei\u00e7oamento de Pessoal de N\u00edvel Superior (Capes) que ainda estava contingenciado.&hellip; <\/p>\n","protected":false},"author":1,"featured_media":137493,"comment_status":"closed","ping_status":"closed","sticky":false,"template":"","format":"standard","meta":{"sfsi_plus_gutenberg_text_before_share":"","sfsi_plus_gutenberg_show_text_before_share":"","sfsi_plus_gutenberg_icon_type":"","sfsi_plus_gutenberg_icon_alignemt":"","sfsi_plus_gutenburg_max_per_row":"","footnotes":""},"categories":[14],"tags":[],"class_list":["post-137491","post","type-post","status-publish","format-standard","has-post-thumbnail","hentry","category-educacao"],"_links":{"self":[{"href":"https:\/\/www.caririemacao.com\/1\/wp-json\/wp\/v2\/posts\/137491","targetHints":{"allow":["GET"]}}],"collection":[{"href":"https:\/\/www.caririemacao.com\/1\/wp-json\/wp\/v2\/posts"}],"about":[{"href":"https:\/\/www.caririemacao.com\/1\/wp-json\/wp\/v2\/types\/post"}],"author":[{"embeddable":true,"href":"https:\/\/www.caririemacao.com\/1\/wp-json\/wp\/v2\/users\/1"}],"replies":[{"embeddable":true,"href":"https:\/\/www.caririemacao.com\/1\/wp-json\/wp\/v2\/comments?post=137491"}],"version-history":[{"count":1,"href":"https:\/\/www.caririemacao.com\/1\/wp-json\/wp\/v2\/posts\/137491\/revisions"}],"predecessor-version":[{"id":137494,"href":"https:\/\/www.caririemacao.com\/1\/wp-json\/wp\/v2\/posts\/137491\/revisions\/137494"}],"wp:featuredmedia":[{"embeddable":true,"href":"https:\/\/www.caririemacao.com\/1\/wp-json\/wp\/v2\/media\/137493"}],"wp:attachment":[{"href":"https:\/\/www.caririemacao.com\/1\/wp-json\/wp\/v2\/media?parent=137491"}],"wp:term":[{"taxonomy":"category","embeddable":true,"href":"https:\/\/www.caririemacao.com\/1\/wp-json\/wp\/v2\/categories?post=137491"},{"taxonomy":"post_tag","embeddable":true,"href":"https:\/\/www.caririemacao.com\/1\/wp-json\/wp\/v2\/tags?post=137491"}],"curies":[{"name":"wp","href":"https:\/\/api.w.org\/{rel}","templated":true}]}}