{"id":137497,"date":"2019-11-23T16:17:24","date_gmt":"2019-11-23T19:17:24","guid":{"rendered":"http:\/\/www.caririemacao.com\/1\/?p=137497"},"modified":"2019-11-23T16:17:24","modified_gmt":"2019-11-23T19:17:24","slug":"hoje-somos-todos-flamengo-diz-bolsonaro","status":"publish","type":"post","link":"https:\/\/www.caririemacao.com\/1\/2019\/11\/23\/hoje-somos-todos-flamengo-diz-bolsonaro\/","title":{"rendered":"Hoje somos todos Flamengo&#8221;, diz Bolsonaro"},"content":{"rendered":"\n<p>O presidente da Rep\u00fablica, Jair Bolsonaro, ao discursar hoje (23) na comemora\u00e7\u00e3o dos 74 anos da Brigada de Infantaria Paraquedista do Ex\u00e9rcito, pediu torcida para o Flamengo. O time carioca disputa, \u00e0 tarde, a final da Ta\u00e7a Libertadores contra otime argentino River Plate, em Lima, no Peru.<\/p>\n\n\n\n<p>&#8220;Respeitosamente, como futebol faz parte da cultura e da alma do povo brasileiro, hoje todos n\u00f3s somos Flamengo&#8221;, disse o presidente, durante a cerim\u00f4nia na Vila Militar do Rio de Janeiro.<\/p>\n\n\n\n<p>Bolsonaro tamb\u00e9m homenageou o apresentador de televis\u00e3o Gugu Liberato, que morreu ap\u00f3s sofrer uma queda acidental nos Estados Unidos.<\/p>\n\n\n\n<p>&#8220;Gugu Liberato, por d\u00e9cadas, deixou sua marca em todo o Brasil. Esbanjava alegria e informa\u00e7\u00e3o. Que Deus acolha sua alma e conforte sua fam\u00edlia, amigos e f\u00e3s&#8221;, disse.<\/p>\n","protected":false},"excerpt":{"rendered":"<p>O presidente da Rep\u00fablica, Jair Bolsonaro, ao discursar hoje (23) na comemora\u00e7\u00e3o dos 74 anos da Brigada de Infantaria Paraquedista do Ex\u00e9rcito, pediu torcida para&hellip; <\/p>\n","protected":false},"author":1,"featured_media":137498,"comment_status":"closed","ping_status":"closed","sticky":false,"template":"","format":"standard","meta":{"sfsi_plus_gutenberg_text_before_share":"","sfsi_plus_gutenberg_show_text_before_share":"","sfsi_plus_gutenberg_icon_type":"","sfsi_plus_gutenberg_icon_alignemt":"","sfsi_plus_gutenburg_max_per_row":"","footnotes":""},"categories":[2],"tags":[],"class_list":["post-137497","post","type-post","status-publish","format-standard","has-post-thumbnail","hentry","category-geral"],"_links":{"self":[{"href":"https:\/\/www.caririemacao.com\/1\/wp-json\/wp\/v2\/posts\/137497","targetHints":{"allow":["GET"]}}],"collection":[{"href":"https:\/\/www.caririemacao.com\/1\/wp-json\/wp\/v2\/posts"}],"about":[{"href":"https:\/\/www.caririemacao.com\/1\/wp-json\/wp\/v2\/types\/post"}],"author":[{"embeddable":true,"href":"https:\/\/www.caririemacao.com\/1\/wp-json\/wp\/v2\/users\/1"}],"replies":[{"embeddable":true,"href":"https:\/\/www.caririemacao.com\/1\/wp-json\/wp\/v2\/comments?post=137497"}],"version-history":[{"count":1,"href":"https:\/\/www.caririemacao.com\/1\/wp-json\/wp\/v2\/posts\/137497\/revisions"}],"predecessor-version":[{"id":137499,"href":"https:\/\/www.caririemacao.com\/1\/wp-json\/wp\/v2\/posts\/137497\/revisions\/137499"}],"wp:featuredmedia":[{"embeddable":true,"href":"https:\/\/www.caririemacao.com\/1\/wp-json\/wp\/v2\/media\/137498"}],"wp:attachment":[{"href":"https:\/\/www.caririemacao.com\/1\/wp-json\/wp\/v2\/media?parent=137497"}],"wp:term":[{"taxonomy":"category","embeddable":true,"href":"https:\/\/www.caririemacao.com\/1\/wp-json\/wp\/v2\/categories?post=137497"},{"taxonomy":"post_tag","embeddable":true,"href":"https:\/\/www.caririemacao.com\/1\/wp-json\/wp\/v2\/tags?post=137497"}],"curies":[{"name":"wp","href":"https:\/\/api.w.org\/{rel}","templated":true}]}}