{"id":137509,"date":"2019-11-23T16:29:37","date_gmt":"2019-11-23T19:29:37","guid":{"rendered":"http:\/\/www.caririemacao.com\/1\/?p=137509"},"modified":"2019-11-23T16:29:37","modified_gmt":"2019-11-23T19:29:37","slug":"policia-civil-prende-homem-acusado-de-tentar-matar-cunhado-no-cariri-paraibano","status":"publish","type":"post","link":"https:\/\/www.caririemacao.com\/1\/2019\/11\/23\/policia-civil-prende-homem-acusado-de-tentar-matar-cunhado-no-cariri-paraibano\/","title":{"rendered":"Pol\u00edcia Civil prende homem acusado de tentar matar cunhado no Cariri paraibano"},"content":{"rendered":"\n<p>A Pol\u00edcia Civil da Para\u00edba, por meio da Delegacia de S\u00e3o Jo\u00e3o do Cariri (vinculada \u00e0 14 DSPC\/MONTEIRO), em a\u00e7\u00e3o integrada com a Pol\u00edcia Militar, por interm\u00e9dio do Destacamento do munic\u00edpio de Cara\u00fabas\/PB, deram cumprimento, no final da tarde desta sexta-feira (22), a um mandado de pris\u00e3o tempor\u00e1ria em desfavor de J. K. K. DE S.<\/p>\n\n\n\n<p>De acordo com informa\u00e7\u00f5es do delegado seccional, Dr. Cristiano Santana, ele \u00e9 acusado da pr\u00e1tica uma tentativa de homic\u00eddio com arma de fogo contra seu pr\u00f3prio cunhado, fato este ocorrido no m\u00eas de agosto deste ano, no munic\u00edpio de Cara\u00fabas.<\/p>\n\n\n\n<p>O delegado ainda informou que o preso j\u00e1 respondeu a outros processos-criminais, e tamb\u00e9m praticou atos infracionais, quando menor de idade.<\/p>\n\n\n\n<p>O acusado foi recolhido a Cadeia P\u00fablica de Serra Branca, onde ficar\u00e1 a disposi\u00e7\u00e3o da Justi\u00e7a. A Policia Civil (14 DSPC) enaltece a import\u00e2ncia da den\u00fancia an\u00f4nima, auxiliando e colaborando com os trabalhos investigativos.<\/p>\n","protected":false},"excerpt":{"rendered":"<p>A Pol\u00edcia Civil da Para\u00edba, por meio da Delegacia de S\u00e3o Jo\u00e3o do Cariri (vinculada \u00e0 14 DSPC\/MONTEIRO), em a\u00e7\u00e3o integrada com a Pol\u00edcia Militar,&hellip; <\/p>\n","protected":false},"author":1,"featured_media":112264,"comment_status":"closed","ping_status":"closed","sticky":false,"template":"","format":"standard","meta":{"sfsi_plus_gutenberg_text_before_share":"","sfsi_plus_gutenberg_show_text_before_share":"","sfsi_plus_gutenberg_icon_type":"","sfsi_plus_gutenberg_icon_alignemt":"","sfsi_plus_gutenburg_max_per_row":"","footnotes":""},"categories":[12],"tags":[],"class_list":["post-137509","post","type-post","status-publish","format-standard","has-post-thumbnail","hentry","category-policia"],"_links":{"self":[{"href":"https:\/\/www.caririemacao.com\/1\/wp-json\/wp\/v2\/posts\/137509","targetHints":{"allow":["GET"]}}],"collection":[{"href":"https:\/\/www.caririemacao.com\/1\/wp-json\/wp\/v2\/posts"}],"about":[{"href":"https:\/\/www.caririemacao.com\/1\/wp-json\/wp\/v2\/types\/post"}],"author":[{"embeddable":true,"href":"https:\/\/www.caririemacao.com\/1\/wp-json\/wp\/v2\/users\/1"}],"replies":[{"embeddable":true,"href":"https:\/\/www.caririemacao.com\/1\/wp-json\/wp\/v2\/comments?post=137509"}],"version-history":[{"count":1,"href":"https:\/\/www.caririemacao.com\/1\/wp-json\/wp\/v2\/posts\/137509\/revisions"}],"predecessor-version":[{"id":137510,"href":"https:\/\/www.caririemacao.com\/1\/wp-json\/wp\/v2\/posts\/137509\/revisions\/137510"}],"wp:featuredmedia":[{"embeddable":true,"href":"https:\/\/www.caririemacao.com\/1\/wp-json\/wp\/v2\/media\/112264"}],"wp:attachment":[{"href":"https:\/\/www.caririemacao.com\/1\/wp-json\/wp\/v2\/media?parent=137509"}],"wp:term":[{"taxonomy":"category","embeddable":true,"href":"https:\/\/www.caririemacao.com\/1\/wp-json\/wp\/v2\/categories?post=137509"},{"taxonomy":"post_tag","embeddable":true,"href":"https:\/\/www.caririemacao.com\/1\/wp-json\/wp\/v2\/tags?post=137509"}],"curies":[{"name":"wp","href":"https:\/\/api.w.org\/{rel}","templated":true}]}}