{"id":137520,"date":"2019-11-23T17:10:17","date_gmt":"2019-11-23T20:10:17","guid":{"rendered":"http:\/\/www.caririemacao.com\/1\/?p=137520"},"modified":"2019-11-23T17:10:17","modified_gmt":"2019-11-23T20:10:17","slug":"com-85-de-aprovacao-lourdes-dantas-agradece-reconhecimento-popular","status":"publish","type":"post","link":"https:\/\/www.caririemacao.com\/1\/2019\/11\/23\/com-85-de-aprovacao-lourdes-dantas-agradece-reconhecimento-popular\/","title":{"rendered":"Com 85% de aprova\u00e7\u00e3o, Lourdes Dantas agradece Reconhecimento Popular"},"content":{"rendered":"\n<p>A vice-prefeita de S\u00e3o Jos\u00e9 dos Cordeiros, Lourdes Dantas,\nteve uma aprova\u00e7\u00e3o de 85% da popula\u00e7\u00e3o do munic\u00edpio, segundo a Pesquisa do\nPortal Cariri em A\u00e7\u00e3o, divulgada no \u00faltimo dia 11 deste m\u00eas. <\/p>\n\n\n\n<p>Com os bons resultados, a vice-prefeita comemorou com a\ngest\u00e3o municipal, amigos e familiares a avalia\u00e7\u00e3o de sua atua\u00e7\u00e3o como\nvice-prefeita.<\/p>\n\n\n\n<p>Segundo a pesquisa, os percentuais de avalia\u00e7\u00e3o da vice-prefeita Lourdes Dantas foram os seguintes:<\/p>\n\n\n\n<figure class=\"wp-block-image\"><img fetchpriority=\"high\" decoding=\"async\" width=\"831\" height=\"499\" src=\"http:\/\/www.caririemacao.com\/1\/wp-content\/uploads\/2019\/11\/S\u00c3O-JOS\u00c9-DOS-CORDEIROS-VICE.jpg\" alt=\"\" class=\"wp-image-137522\" srcset=\"https:\/\/www.caririemacao.com\/1\/wp-content\/uploads\/2019\/11\/S\u00c3O-JOS\u00c9-DOS-CORDEIROS-VICE.jpg 831w, https:\/\/www.caririemacao.com\/1\/wp-content\/uploads\/2019\/11\/S\u00c3O-JOS\u00c9-DOS-CORDEIROS-VICE-300x180.jpg 300w, https:\/\/www.caririemacao.com\/1\/wp-content\/uploads\/2019\/11\/S\u00c3O-JOS\u00c9-DOS-CORDEIROS-VICE-768x461.jpg 768w\" sizes=\"(max-width: 831px) 100vw, 831px\" \/><\/figure>\n\n\n\n<p>O levantamento do Cariri em A\u00e7\u00e3o foi realizado atrav\u00e9s de pesquisa\ni loco, realizada diretamente na cidade com perguntas espont\u00e2neas e\nestimuladas. Se somados os \u00edndices \u00f3timo, boa e regular, a vice-prefeita\nalcan\u00e7a 85% de aprova\u00e7\u00e3o e 15% de reprova\u00e7\u00e3o.<\/p>\n","protected":false},"excerpt":{"rendered":"<p>A vice-prefeita de S\u00e3o Jos\u00e9 dos Cordeiros, Lourdes Dantas, teve uma aprova\u00e7\u00e3o de 85% da popula\u00e7\u00e3o do munic\u00edpio, segundo a Pesquisa do Portal Cariri em&hellip; <\/p>\n","protected":false},"author":2,"featured_media":137521,"comment_status":"closed","ping_status":"closed","sticky":false,"template":"","format":"standard","meta":{"sfsi_plus_gutenberg_text_before_share":"","sfsi_plus_gutenberg_show_text_before_share":"","sfsi_plus_gutenberg_icon_type":"","sfsi_plus_gutenberg_icon_alignemt":"","sfsi_plus_gutenburg_max_per_row":"","footnotes":""},"categories":[50,2],"tags":[],"class_list":["post-137520","post","type-post","status-publish","format-standard","has-post-thumbnail","hentry","category-destaque","category-geral"],"_links":{"self":[{"href":"https:\/\/www.caririemacao.com\/1\/wp-json\/wp\/v2\/posts\/137520","targetHints":{"allow":["GET"]}}],"collection":[{"href":"https:\/\/www.caririemacao.com\/1\/wp-json\/wp\/v2\/posts"}],"about":[{"href":"https:\/\/www.caririemacao.com\/1\/wp-json\/wp\/v2\/types\/post"}],"author":[{"embeddable":true,"href":"https:\/\/www.caririemacao.com\/1\/wp-json\/wp\/v2\/users\/2"}],"replies":[{"embeddable":true,"href":"https:\/\/www.caririemacao.com\/1\/wp-json\/wp\/v2\/comments?post=137520"}],"version-history":[{"count":1,"href":"https:\/\/www.caririemacao.com\/1\/wp-json\/wp\/v2\/posts\/137520\/revisions"}],"predecessor-version":[{"id":137523,"href":"https:\/\/www.caririemacao.com\/1\/wp-json\/wp\/v2\/posts\/137520\/revisions\/137523"}],"wp:featuredmedia":[{"embeddable":true,"href":"https:\/\/www.caririemacao.com\/1\/wp-json\/wp\/v2\/media\/137521"}],"wp:attachment":[{"href":"https:\/\/www.caririemacao.com\/1\/wp-json\/wp\/v2\/media?parent=137520"}],"wp:term":[{"taxonomy":"category","embeddable":true,"href":"https:\/\/www.caririemacao.com\/1\/wp-json\/wp\/v2\/categories?post=137520"},{"taxonomy":"post_tag","embeddable":true,"href":"https:\/\/www.caririemacao.com\/1\/wp-json\/wp\/v2\/tags?post=137520"}],"curies":[{"name":"wp","href":"https:\/\/api.w.org\/{rel}","templated":true}]}}