{"id":137528,"date":"2019-11-23T17:46:16","date_gmt":"2019-11-23T20:46:16","guid":{"rendered":"http:\/\/www.caririemacao.com\/1\/?p=137528"},"modified":"2019-11-23T17:46:16","modified_gmt":"2019-11-23T20:46:16","slug":"vereador-celio-moco-confirma-presenca-no-premio-referencia-2019","status":"publish","type":"post","link":"https:\/\/www.caririemacao.com\/1\/2019\/11\/23\/vereador-celio-moco-confirma-presenca-no-premio-referencia-2019\/","title":{"rendered":"Vereador C\u00e9lio M\u00f4co confirma presen\u00e7a no Pr\u00eamio Refer\u00eancia 2019"},"content":{"rendered":"\n<p>O vereador camalauense, C\u00e9lio M\u00f4co, receber\u00e1 no dia 11 de dezembro, o Pr\u00eamio Refer\u00eancia 2019 promovido pelo Portal de Not\u00edcias Cariri em A\u00e7\u00e3o. A cerim\u00f4nia de premia\u00e7\u00e3o acontece na cidade de Monteiro\/PB.<\/p>\n\n\n\n<p>Ele agradeceu a todas as pessoas que lhe escolheram como vereador\nmais atuante durante 2019 em Camala\u00fa.<\/p>\n\n\n\n<p>\u201cAgrade\u00e7o a Deus e a todos os amigos e amigas pelo Pr\u00eamio Refer\u00eancia\n2019. Sinto-me honrado por estar entre os que corresponderam a confian\u00e7a do\npovo pelo cargo recebido. Com isso, fortale\u00e7o-me cada vez mais, para continuar\ntrabalhando para desenvolvimento e bem estar do povo desta terra\u201d, agradeceu o\nvereador.<\/p>\n","protected":false},"excerpt":{"rendered":"<p>O vereador camalauense, C\u00e9lio M\u00f4co, receber\u00e1 no dia 11 de dezembro, o Pr\u00eamio Refer\u00eancia 2019 promovido pelo Portal de Not\u00edcias Cariri em A\u00e7\u00e3o. A cerim\u00f4nia&hellip; <\/p>\n","protected":false},"author":2,"featured_media":137529,"comment_status":"closed","ping_status":"closed","sticky":false,"template":"","format":"standard","meta":{"sfsi_plus_gutenberg_text_before_share":"","sfsi_plus_gutenberg_show_text_before_share":"","sfsi_plus_gutenberg_icon_type":"","sfsi_plus_gutenberg_icon_alignemt":"","sfsi_plus_gutenburg_max_per_row":"","footnotes":""},"categories":[50,11],"tags":[],"class_list":["post-137528","post","type-post","status-publish","format-standard","has-post-thumbnail","hentry","category-destaque","category-politica"],"_links":{"self":[{"href":"https:\/\/www.caririemacao.com\/1\/wp-json\/wp\/v2\/posts\/137528","targetHints":{"allow":["GET"]}}],"collection":[{"href":"https:\/\/www.caririemacao.com\/1\/wp-json\/wp\/v2\/posts"}],"about":[{"href":"https:\/\/www.caririemacao.com\/1\/wp-json\/wp\/v2\/types\/post"}],"author":[{"embeddable":true,"href":"https:\/\/www.caririemacao.com\/1\/wp-json\/wp\/v2\/users\/2"}],"replies":[{"embeddable":true,"href":"https:\/\/www.caririemacao.com\/1\/wp-json\/wp\/v2\/comments?post=137528"}],"version-history":[{"count":1,"href":"https:\/\/www.caririemacao.com\/1\/wp-json\/wp\/v2\/posts\/137528\/revisions"}],"predecessor-version":[{"id":137530,"href":"https:\/\/www.caririemacao.com\/1\/wp-json\/wp\/v2\/posts\/137528\/revisions\/137530"}],"wp:featuredmedia":[{"embeddable":true,"href":"https:\/\/www.caririemacao.com\/1\/wp-json\/wp\/v2\/media\/137529"}],"wp:attachment":[{"href":"https:\/\/www.caririemacao.com\/1\/wp-json\/wp\/v2\/media?parent=137528"}],"wp:term":[{"taxonomy":"category","embeddable":true,"href":"https:\/\/www.caririemacao.com\/1\/wp-json\/wp\/v2\/categories?post=137528"},{"taxonomy":"post_tag","embeddable":true,"href":"https:\/\/www.caririemacao.com\/1\/wp-json\/wp\/v2\/tags?post=137528"}],"curies":[{"name":"wp","href":"https:\/\/api.w.org\/{rel}","templated":true}]}}