{"id":137531,"date":"2019-11-23T17:54:06","date_gmt":"2019-11-23T20:54:06","guid":{"rendered":"http:\/\/www.caririemacao.com\/1\/?p=137531"},"modified":"2019-11-23T17:54:06","modified_gmt":"2019-11-23T20:54:06","slug":"jucelio-apresenta-projeto-que-obriga-o-municipio-do-congo-divulgar-os-estoques-dos-medicamentos-na-farmacia-basica","status":"publish","type":"post","link":"https:\/\/www.caririemacao.com\/1\/2019\/11\/23\/jucelio-apresenta-projeto-que-obriga-o-municipio-do-congo-divulgar-os-estoques-dos-medicamentos-na-farmacia-basica\/","title":{"rendered":"Juc\u00e9lio apresenta projeto que obriga o Munic\u00edpio do Congo divulgar os estoques dos medicamentos na Farm\u00e1cia B\u00e1sica"},"content":{"rendered":"\n<p>Durante a 3\u00aa Sess\u00e3o Itinerante promovida pela C\u00e2mara de Vereadores de Congo, realizada na sede da Associa\u00e7\u00e3o de Santa Rita de Baixo, cerca de 7 km da sede do munic\u00edpio, o vereador Juc\u00e9lio Quintans, atual secret\u00e1rio da Casa Jos\u00e9 Jorge de Sousa, apresentou um importante projeto que ajudar\u00e1 a popula\u00e7\u00e3o do Munic\u00edpio.<\/p>\n\n\n\n<p>Segundo o vereador Juc\u00e9lio Quintans, quando o PL for aprovado,\na prefeitura fica obrigada a divulgar os estoques dos medicamentos presentes na\nFarm\u00e1cia B\u00e1sica do Munic\u00edpio do Congo, ficando assim, obrigado a disponibilizar\nna respectiva p\u00e1gina eletr\u00f4nica na Internet \u2014 Portal de Transpar\u00eancia do\nMunic\u00edpio os estoques de medicamentos presentes na farm\u00e1cia B\u00e1sica do Munic\u00edpio,\ncontendo atualiza\u00e7\u00e3o di\u00e1ria, de forma acess\u00edvel ao cidad\u00e3o. <\/p>\n\n\n\n<p>Juc\u00e9lio disse que o sistema, al\u00e9m de inovador, busca prestar\ncontas \u00e0 popula\u00e7\u00e3o e facilitar o acesso dos usu\u00e1rios aos medicamentos\nfornecidos pela rede p\u00fablica de sa\u00fade, por isso apresentou a proposi\u00e7\u00e3o,\ninspirado na iniciativa de melhor atender a popula\u00e7\u00e3o e a transpar\u00eancia dos\nservi\u00e7os p\u00fablicos implementados pelo munic\u00edpio. <\/p>\n\n\n\n<p>\u201cA inten\u00e7\u00e3o \u00e9 dar uma maior transpar\u00eancia para a gest\u00e3o dos\nprodutos medicamentosos presentes na farm\u00e1cia p\u00fablica do Munic\u00edpio. Como\nsabemos, o acesso \u00e0 informa\u00e7\u00e3o para a prote\u00e7\u00e3o de direitos \u00e9 um aspecto\nconsiderado essencial em um Estado Democr\u00e1tico de Direito, sendo a publicidade\ndos atos da Administra\u00e7\u00e3o P\u00fablica um princ\u00edpio constitucional\u201d, justificou. <\/p>\n","protected":false},"excerpt":{"rendered":"<p>Durante a 3\u00aa Sess\u00e3o Itinerante promovida pela C\u00e2mara de Vereadores de Congo, realizada na sede da Associa\u00e7\u00e3o de Santa Rita de Baixo, cerca de 7&hellip; <\/p>\n","protected":false},"author":2,"featured_media":137532,"comment_status":"closed","ping_status":"closed","sticky":false,"template":"","format":"standard","meta":{"sfsi_plus_gutenberg_text_before_share":"","sfsi_plus_gutenberg_show_text_before_share":"","sfsi_plus_gutenberg_icon_type":"","sfsi_plus_gutenberg_icon_alignemt":"","sfsi_plus_gutenburg_max_per_row":"","footnotes":""},"categories":[50,2],"tags":[],"class_list":["post-137531","post","type-post","status-publish","format-standard","has-post-thumbnail","hentry","category-destaque","category-geral"],"_links":{"self":[{"href":"https:\/\/www.caririemacao.com\/1\/wp-json\/wp\/v2\/posts\/137531","targetHints":{"allow":["GET"]}}],"collection":[{"href":"https:\/\/www.caririemacao.com\/1\/wp-json\/wp\/v2\/posts"}],"about":[{"href":"https:\/\/www.caririemacao.com\/1\/wp-json\/wp\/v2\/types\/post"}],"author":[{"embeddable":true,"href":"https:\/\/www.caririemacao.com\/1\/wp-json\/wp\/v2\/users\/2"}],"replies":[{"embeddable":true,"href":"https:\/\/www.caririemacao.com\/1\/wp-json\/wp\/v2\/comments?post=137531"}],"version-history":[{"count":1,"href":"https:\/\/www.caririemacao.com\/1\/wp-json\/wp\/v2\/posts\/137531\/revisions"}],"predecessor-version":[{"id":137533,"href":"https:\/\/www.caririemacao.com\/1\/wp-json\/wp\/v2\/posts\/137531\/revisions\/137533"}],"wp:featuredmedia":[{"embeddable":true,"href":"https:\/\/www.caririemacao.com\/1\/wp-json\/wp\/v2\/media\/137532"}],"wp:attachment":[{"href":"https:\/\/www.caririemacao.com\/1\/wp-json\/wp\/v2\/media?parent=137531"}],"wp:term":[{"taxonomy":"category","embeddable":true,"href":"https:\/\/www.caririemacao.com\/1\/wp-json\/wp\/v2\/categories?post=137531"},{"taxonomy":"post_tag","embeddable":true,"href":"https:\/\/www.caririemacao.com\/1\/wp-json\/wp\/v2\/tags?post=137531"}],"curies":[{"name":"wp","href":"https:\/\/api.w.org\/{rel}","templated":true}]}}