{"id":137534,"date":"2019-11-23T18:06:21","date_gmt":"2019-11-23T21:06:21","guid":{"rendered":"http:\/\/www.caririemacao.com\/1\/?p=137534"},"modified":"2019-11-23T18:06:21","modified_gmt":"2019-11-23T21:06:21","slug":"tce-pb-aprova-contas-de-2018-da-prefeitura-de-ouro-velho","status":"publish","type":"post","link":"https:\/\/www.caririemacao.com\/1\/2019\/11\/23\/tce-pb-aprova-contas-de-2018-da-prefeitura-de-ouro-velho\/","title":{"rendered":"TCE-PB aprova contas de 2018 da Prefeitura de Ouro Velho"},"content":{"rendered":"\n<p>A Prefeita de Ouro Velho, Nat\u00e1lia Lira, teve as suas contas referente ao exerc\u00edcio financeiro de 2018 aprovadas pelo Plen\u00e1rio do Tribunal de Contas do Estado (TCE), na \u00faltima quarta- feira (20), e as informa\u00e7\u00f5es apresentadas pela gest\u00e3o atestaram o compromisso com a legalidade, o controle e transpar\u00eancia p\u00fablica com a aplica\u00e7\u00e3o dos recursos.<\/p>\n\n\n\n<p>As contas dos exerc\u00edcios de 2013, 2014, 2015, 2016, 2017 e agora as contas referente ao exerc\u00edcio de 2018 todas foram aprovadas, prova que a gest\u00e3o faz a coisa certa, e que a equipe econ\u00f4mica est\u00e1 no caminho certo, aplicando de forma leal e responsabilidade os recursos.<\/p>\n\n\n\n<p>Segundo a Prefeita Nat\u00e1lia Lira, a gest\u00e3o municipal est\u00e1 voltada para o cumprimento fiel da legisla\u00e7\u00e3o e a correta aplica\u00e7\u00e3o dos recursos p\u00fablicos. \u201cOuro Velho Vive um novo momento. A popula\u00e7\u00e3o est\u00e1 sendo beneficiada pela correta aplica\u00e7\u00e3o dos recursos p\u00fablicos, mesmo diante de t\u00e3o grande crise financeira\u201d, falou a Prefeita.<\/p>\n\n\n\n<p>Ainda para a Prefeita Nat\u00e1lia Lira, essa aprova\u00e7\u00e3o \u00e9 um reflexo do compromisso da equipe administrativa, que sempre manteve firme e comprometida com responsabilidade fiscal. Buscamos transpar\u00eancia na gest\u00e3o, a aprova\u00e7\u00e3o do exerc\u00edcio de 2018 \u00e9 mais uma prova desse compromisso.<\/p>\n","protected":false},"excerpt":{"rendered":"<p>A Prefeita de Ouro Velho, Nat\u00e1lia Lira, teve as suas contas referente ao exerc\u00edcio financeiro de 2018 aprovadas pelo Plen\u00e1rio do Tribunal de Contas do&hellip; <\/p>\n","protected":false},"author":2,"featured_media":137535,"comment_status":"closed","ping_status":"closed","sticky":false,"template":"","format":"standard","meta":{"sfsi_plus_gutenberg_text_before_share":"","sfsi_plus_gutenberg_show_text_before_share":"","sfsi_plus_gutenberg_icon_type":"","sfsi_plus_gutenberg_icon_alignemt":"","sfsi_plus_gutenburg_max_per_row":"","footnotes":""},"categories":[50,2],"tags":[],"class_list":["post-137534","post","type-post","status-publish","format-standard","has-post-thumbnail","hentry","category-destaque","category-geral"],"_links":{"self":[{"href":"https:\/\/www.caririemacao.com\/1\/wp-json\/wp\/v2\/posts\/137534","targetHints":{"allow":["GET"]}}],"collection":[{"href":"https:\/\/www.caririemacao.com\/1\/wp-json\/wp\/v2\/posts"}],"about":[{"href":"https:\/\/www.caririemacao.com\/1\/wp-json\/wp\/v2\/types\/post"}],"author":[{"embeddable":true,"href":"https:\/\/www.caririemacao.com\/1\/wp-json\/wp\/v2\/users\/2"}],"replies":[{"embeddable":true,"href":"https:\/\/www.caririemacao.com\/1\/wp-json\/wp\/v2\/comments?post=137534"}],"version-history":[{"count":1,"href":"https:\/\/www.caririemacao.com\/1\/wp-json\/wp\/v2\/posts\/137534\/revisions"}],"predecessor-version":[{"id":137536,"href":"https:\/\/www.caririemacao.com\/1\/wp-json\/wp\/v2\/posts\/137534\/revisions\/137536"}],"wp:featuredmedia":[{"embeddable":true,"href":"https:\/\/www.caririemacao.com\/1\/wp-json\/wp\/v2\/media\/137535"}],"wp:attachment":[{"href":"https:\/\/www.caririemacao.com\/1\/wp-json\/wp\/v2\/media?parent=137534"}],"wp:term":[{"taxonomy":"category","embeddable":true,"href":"https:\/\/www.caririemacao.com\/1\/wp-json\/wp\/v2\/categories?post=137534"},{"taxonomy":"post_tag","embeddable":true,"href":"https:\/\/www.caririemacao.com\/1\/wp-json\/wp\/v2\/tags?post=137534"}],"curies":[{"name":"wp","href":"https:\/\/api.w.org\/{rel}","templated":true}]}}