{"id":137537,"date":"2019-11-23T18:19:32","date_gmt":"2019-11-23T21:19:32","guid":{"rendered":"http:\/\/www.caririemacao.com\/1\/?p=137537"},"modified":"2019-11-23T18:19:32","modified_gmt":"2019-11-23T21:19:32","slug":"prefeito-de-camalau-assina-contrato-de-quase-r-290-mil-para-pavimentacao-e-drenagem","status":"publish","type":"post","link":"https:\/\/www.caririemacao.com\/1\/2019\/11\/23\/prefeito-de-camalau-assina-contrato-de-quase-r-290-mil-para-pavimentacao-e-drenagem\/","title":{"rendered":"Prefeito de Camala\u00fa assina contrato de quase R$ 290 mil para pavimenta\u00e7\u00e3o e drenagem"},"content":{"rendered":"\n<p>O prefeito Sandro M\u00f4co de Camala\u00fa, esteve nesta quinta-feira (21), na GIGOV\/PB- Ger\u00eancia Executiva de Governo, assinando um contrato de pavimenta\u00e7\u00e3o e drenagem na import\u00e2ncia de R$287.000,00 oriunda de uma emenda do senador C\u00e1ssio Cunha Lima.<\/p>\n\n\n\n<p>Al\u00e9m desta grande not\u00edcia, de acordo com o prefeito, ainda esta semana foi empenhada tamb\u00e9m uma emenda para pavimenta\u00e7\u00e3o em Camala\u00fa, da Deputada Federal Edna Henrique, cuja assinatura do contrato deve estar acontecendo em breve.<\/p>\n\n\n\n<p>\u201cS\u00e3o recursos que buscamos diariamente. Recursos para promover melhorias para o povo de Camala\u00fa. Agradecemos aos parceiros de nossa gest\u00e3o e vamos continuar em busca de mais benef\u00edcios\u201d, confirmou o prefeito Sandro M\u00f4co<\/p>\n","protected":false},"excerpt":{"rendered":"<p>O prefeito Sandro M\u00f4co de Camala\u00fa, esteve nesta quinta-feira (21), na GIGOV\/PB- Ger\u00eancia Executiva de Governo, assinando um contrato de pavimenta\u00e7\u00e3o e drenagem na import\u00e2ncia&hellip; <\/p>\n","protected":false},"author":2,"featured_media":137538,"comment_status":"closed","ping_status":"closed","sticky":false,"template":"","format":"standard","meta":{"sfsi_plus_gutenberg_text_before_share":"","sfsi_plus_gutenberg_show_text_before_share":"","sfsi_plus_gutenberg_icon_type":"","sfsi_plus_gutenberg_icon_alignemt":"","sfsi_plus_gutenburg_max_per_row":"","footnotes":""},"categories":[6,50],"tags":[],"class_list":["post-137537","post","type-post","status-publish","format-standard","has-post-thumbnail","hentry","category-cidades","category-destaque"],"_links":{"self":[{"href":"https:\/\/www.caririemacao.com\/1\/wp-json\/wp\/v2\/posts\/137537","targetHints":{"allow":["GET"]}}],"collection":[{"href":"https:\/\/www.caririemacao.com\/1\/wp-json\/wp\/v2\/posts"}],"about":[{"href":"https:\/\/www.caririemacao.com\/1\/wp-json\/wp\/v2\/types\/post"}],"author":[{"embeddable":true,"href":"https:\/\/www.caririemacao.com\/1\/wp-json\/wp\/v2\/users\/2"}],"replies":[{"embeddable":true,"href":"https:\/\/www.caririemacao.com\/1\/wp-json\/wp\/v2\/comments?post=137537"}],"version-history":[{"count":1,"href":"https:\/\/www.caririemacao.com\/1\/wp-json\/wp\/v2\/posts\/137537\/revisions"}],"predecessor-version":[{"id":137539,"href":"https:\/\/www.caririemacao.com\/1\/wp-json\/wp\/v2\/posts\/137537\/revisions\/137539"}],"wp:featuredmedia":[{"embeddable":true,"href":"https:\/\/www.caririemacao.com\/1\/wp-json\/wp\/v2\/media\/137538"}],"wp:attachment":[{"href":"https:\/\/www.caririemacao.com\/1\/wp-json\/wp\/v2\/media?parent=137537"}],"wp:term":[{"taxonomy":"category","embeddable":true,"href":"https:\/\/www.caririemacao.com\/1\/wp-json\/wp\/v2\/categories?post=137537"},{"taxonomy":"post_tag","embeddable":true,"href":"https:\/\/www.caririemacao.com\/1\/wp-json\/wp\/v2\/tags?post=137537"}],"curies":[{"name":"wp","href":"https:\/\/api.w.org\/{rel}","templated":true}]}}