{"id":137550,"date":"2019-11-24T07:06:29","date_gmt":"2019-11-24T10:06:29","guid":{"rendered":"http:\/\/www.caririemacao.com\/1\/?p=137550"},"modified":"2019-11-23T20:08:28","modified_gmt":"2019-11-23T23:08:28","slug":"governo-da-paraiba-abre-processo-seletivo-para-128-vagas-com-bolsas-de-ate-r-6-500","status":"publish","type":"post","link":"https:\/\/www.caririemacao.com\/1\/2019\/11\/24\/governo-da-paraiba-abre-processo-seletivo-para-128-vagas-com-bolsas-de-ate-r-6-500\/","title":{"rendered":"Governo da Para\u00edba abre processo seletivo para 128 vagas com bolsas de at\u00e9 R$ 6.500"},"content":{"rendered":"\n<p>O Governo da Para\u00edba vai realizar um processo seletivo simplificado com o objetivo de contratar 128 bolsistas para atuarem lotados na Secretaria de Estado da Sa\u00fade (SES). Os valores da bolsa variam de R$ 1.250 a R$ 6.500, com cargas hor\u00e1rias que v\u00e3o de 12h a 40h semanais, e v\u00e3o acontecer em car\u00e1ter tempor\u00e1rio de excepcional interesse p\u00fablico. <\/p>\n\n\n\n<p><a href=\"https:\/\/docs.google.com\/forms\/d\/e\/1FAIpQLSeXdgSNPMQNkkWX6nlITnhOgb1l0X1PdzN2q-WGfEBAdWbH7Q\/viewform\" target=\"_blank\" rel=\"noreferrer noopener\">As inscri\u00e7\u00f5es acontecem na pr\u00f3xima semana, entre segunda-feira (25) e sexta-feira (29) e poder\u00e3o ser feitas de forma online<\/a>. S\u00e3o ao todo 116 vagas para ampla concorr\u00eancia e 12 destinadas a pessoas com defici\u00eancia f\u00edsica. O concurso est\u00e1 sendo organizado pelo Centro Formador de Recursos Humanos da Para\u00edba.<\/p>\n\n\n\n<p>Est\u00e3o previstas vagas em diferentes especialidades. Divididas em cinco grupos macros: preceptores de Programas de Resid\u00eancia M\u00e9dica, apoio pedag\u00f3gico e t\u00e9cnico \u00e0 gest\u00e3o dos Programas de Resid\u00eancia em Sa\u00fade, apoio institucional, apoio regional e apoio \u00e0 aten\u00e7\u00e3o \u00e0 sa\u00fade da SES.<\/p>\n\n\n\n<p>Os aprovados ser\u00e3o contratados por tr\u00eas meses, mas os contratos poder\u00e3o ser renovados individualmente por mais seis meses. A maioria das vagas exigem forma\u00e7\u00e3o em Medicina, mas algumas abrem para outros profissionais da \u00e1rea de sa\u00fade. Ao menos duas vagas podem ser ofertadas ainda para candidatos com forma\u00e7\u00e3o em Direito, desde que tenham p\u00f3s-gradua\u00e7\u00e3o em sa\u00fade.<\/p>\n\n\n\n<p>No ato de inscri\u00e7\u00e3o, os candidatos devem apresentar, al\u00e9m de toda a documenta\u00e7\u00e3o comprobat\u00f3ria, curr\u00edculo lattes e carta de inten\u00e7\u00e3o. Cada candidato s\u00f3 pode se candidatar a um cargo.<\/p>\n\n\n\n<p>Pelo car\u00e1ter emergencial do processo, o resultado final j\u00e1 sai em 10 de dezembro.<\/p>\n","protected":false},"excerpt":{"rendered":"<p>O Governo da Para\u00edba vai realizar um processo seletivo simplificado com o objetivo de contratar 128 bolsistas para atuarem lotados na Secretaria de Estado da&hellip; <\/p>\n","protected":false},"author":1,"featured_media":98294,"comment_status":"closed","ping_status":"closed","sticky":false,"template":"","format":"standard","meta":{"sfsi_plus_gutenberg_text_before_share":"","sfsi_plus_gutenberg_show_text_before_share":"","sfsi_plus_gutenberg_icon_type":"","sfsi_plus_gutenberg_icon_alignemt":"","sfsi_plus_gutenburg_max_per_row":"","footnotes":""},"categories":[50,2],"tags":[],"class_list":["post-137550","post","type-post","status-publish","format-standard","has-post-thumbnail","hentry","category-destaque","category-geral"],"_links":{"self":[{"href":"https:\/\/www.caririemacao.com\/1\/wp-json\/wp\/v2\/posts\/137550","targetHints":{"allow":["GET"]}}],"collection":[{"href":"https:\/\/www.caririemacao.com\/1\/wp-json\/wp\/v2\/posts"}],"about":[{"href":"https:\/\/www.caririemacao.com\/1\/wp-json\/wp\/v2\/types\/post"}],"author":[{"embeddable":true,"href":"https:\/\/www.caririemacao.com\/1\/wp-json\/wp\/v2\/users\/1"}],"replies":[{"embeddable":true,"href":"https:\/\/www.caririemacao.com\/1\/wp-json\/wp\/v2\/comments?post=137550"}],"version-history":[{"count":1,"href":"https:\/\/www.caririemacao.com\/1\/wp-json\/wp\/v2\/posts\/137550\/revisions"}],"predecessor-version":[{"id":137551,"href":"https:\/\/www.caririemacao.com\/1\/wp-json\/wp\/v2\/posts\/137550\/revisions\/137551"}],"wp:featuredmedia":[{"embeddable":true,"href":"https:\/\/www.caririemacao.com\/1\/wp-json\/wp\/v2\/media\/98294"}],"wp:attachment":[{"href":"https:\/\/www.caririemacao.com\/1\/wp-json\/wp\/v2\/media?parent=137550"}],"wp:term":[{"taxonomy":"category","embeddable":true,"href":"https:\/\/www.caririemacao.com\/1\/wp-json\/wp\/v2\/categories?post=137550"},{"taxonomy":"post_tag","embeddable":true,"href":"https:\/\/www.caririemacao.com\/1\/wp-json\/wp\/v2\/tags?post=137550"}],"curies":[{"name":"wp","href":"https:\/\/api.w.org\/{rel}","templated":true}]}}