{"id":137552,"date":"2019-11-24T07:08:33","date_gmt":"2019-11-24T10:08:33","guid":{"rendered":"http:\/\/www.caririemacao.com\/1\/?p=137552"},"modified":"2019-11-23T20:10:06","modified_gmt":"2019-11-23T23:10:06","slug":"bolsonaro-parabeniza-flamengo-apos-conquista-da-libertadores","status":"publish","type":"post","link":"https:\/\/www.caririemacao.com\/1\/2019\/11\/24\/bolsonaro-parabeniza-flamengo-apos-conquista-da-libertadores\/","title":{"rendered":"Bolsonaro parabeniza Flamengo ap\u00f3s conquista da Libertadores"},"content":{"rendered":"\n<p>O presidente Jair Bolsonaro se manifestou pelas redes socias sobre a vit\u00f3ria do Flamengo por 2 a 1 contra o time argentino River Plate em Lima, no Peru.\u201cPartida emocionante e hist\u00f3rica. Isso \u00e9 futebol\u201d, afirmou Bolsonaro pelo Twitter.<\/p>\n\n\n\n<p>Mais cedo, o presidente j\u00e1 havia afirmado que neste s\u00e1bado \u201csomos todos Flamengo\u201d. Bolsonaro, que fez carreira pol\u00edtica pelo Rio de Janeiro, mas nasceu no interior de S\u00e3o Paulo, j\u00e1 afirmou que torce para o time paulista Palmeiras.<\/p>\n\n\n\n<p><strong>Torcida \u201cp\u00e9 quente\u201d<\/strong><\/p>\n\n\n\n<p>Milhares de pessoas assistiram&nbsp;hoje&nbsp;(23) \u00e0 partida final da Ta\u00e7a Libertadores entre Flamengo e River Plate no Est\u00e1dio do Maracan\u00e3, no Rio&nbsp;de Janeiro.<\/p>\n\n\n\n<p>Os torcedores que n\u00e3o conseguiram viajar assistiram a shows e depois \u00e0 transmiss\u00e3o da partida no Maracan\u00e3 atrav\u00e9s de tel\u00f5es instalados no est\u00e1dio. A expectativa \u00e9 que a chamada Final Fun Fest tenha reunido 50 mil torcedores no Rio de Janeiro.<\/p>\n\n\n\n<p>A Pol\u00edcia Militar e a Guarda Municipal do Rio&nbsp;de Janeiro&nbsp;montaram esquemas especiais e 1.300 homens estavam mobilizados em diversos pontos de aglomera\u00e7\u00e3o de torcedores. &nbsp;A Guarda Municipal&nbsp;manteve 265 agentes de prontid\u00e3o, 170 no entorno do Maracan\u00e3.<\/p>\n\n\n\n<p>Em Bras\u00edlia o mesmo evento tamb\u00e9m levou milhares ao est\u00e1dio Man\u00e9 Garrincha. Antes do espet\u00e1culo do time carioca, que marcou dois gols nos \u00faltimos minutos da partida, o est\u00e1dio &nbsp;teve shows do sambista Diogo Nogueira, de DJ\u2019s e do grupo Se Joga.<\/p>\n","protected":false},"excerpt":{"rendered":"<p>O presidente Jair Bolsonaro se manifestou pelas redes socias sobre a vit\u00f3ria do Flamengo por 2 a 1 contra o time argentino River Plate em&hellip; <\/p>\n","protected":false},"author":1,"featured_media":137553,"comment_status":"closed","ping_status":"closed","sticky":false,"template":"","format":"standard","meta":{"sfsi_plus_gutenberg_text_before_share":"","sfsi_plus_gutenberg_show_text_before_share":"","sfsi_plus_gutenberg_icon_type":"","sfsi_plus_gutenberg_icon_alignemt":"","sfsi_plus_gutenburg_max_per_row":"","footnotes":""},"categories":[11],"tags":[],"class_list":["post-137552","post","type-post","status-publish","format-standard","has-post-thumbnail","hentry","category-politica"],"_links":{"self":[{"href":"https:\/\/www.caririemacao.com\/1\/wp-json\/wp\/v2\/posts\/137552","targetHints":{"allow":["GET"]}}],"collection":[{"href":"https:\/\/www.caririemacao.com\/1\/wp-json\/wp\/v2\/posts"}],"about":[{"href":"https:\/\/www.caririemacao.com\/1\/wp-json\/wp\/v2\/types\/post"}],"author":[{"embeddable":true,"href":"https:\/\/www.caririemacao.com\/1\/wp-json\/wp\/v2\/users\/1"}],"replies":[{"embeddable":true,"href":"https:\/\/www.caririemacao.com\/1\/wp-json\/wp\/v2\/comments?post=137552"}],"version-history":[{"count":1,"href":"https:\/\/www.caririemacao.com\/1\/wp-json\/wp\/v2\/posts\/137552\/revisions"}],"predecessor-version":[{"id":137554,"href":"https:\/\/www.caririemacao.com\/1\/wp-json\/wp\/v2\/posts\/137552\/revisions\/137554"}],"wp:featuredmedia":[{"embeddable":true,"href":"https:\/\/www.caririemacao.com\/1\/wp-json\/wp\/v2\/media\/137553"}],"wp:attachment":[{"href":"https:\/\/www.caririemacao.com\/1\/wp-json\/wp\/v2\/media?parent=137552"}],"wp:term":[{"taxonomy":"category","embeddable":true,"href":"https:\/\/www.caririemacao.com\/1\/wp-json\/wp\/v2\/categories?post=137552"},{"taxonomy":"post_tag","embeddable":true,"href":"https:\/\/www.caririemacao.com\/1\/wp-json\/wp\/v2\/tags?post=137552"}],"curies":[{"name":"wp","href":"https:\/\/api.w.org\/{rel}","templated":true}]}}